{"id":233686,"date":"2022-12-16T16:44:10","date_gmt":"2022-12-16T20:44:10","guid":{"rendered":"https:\/\/elluchador.info\/web\/?p=233686"},"modified":"2022-12-16T16:44:10","modified_gmt":"2022-12-16T20:44:10","slug":"autoridades-mantienen-encuentro-binacional-en-bogota","status":"publish","type":"post","link":"https:\/\/elluchador.info\/?p=233686","title":{"rendered":"Autoridades mantienen encuentro binacional en Bogot\u00e1"},"content":{"rendered":"<div>M\u00e1s de 100 empresarios venezolanos encabezados por\u00a0los ministros Wilmar Castro, de Agricultura Productiva y Tierras; y Ram\u00f3n Celestino Vel\u00e1squez, ministro de Transporte y Presidente de la aerol\u00ednea venezolana Conviasa, llegaron a Colombia este jueves.<\/div>\n<div><\/div>\n<div>Con una reuni\u00f3n de trabajo liderada\u00a0por el viceministro de Turismo de Colombia Arturo Bravo y su hom\u00f3loga venezolana Leticia G\u00f3mez, se dio luga\u00a0el primer d\u00eda del encuentro bilateral,\u00a0avanzar en las iniciativas del turismo sostenible.<\/div>\n<div><\/div>\n<div>El ministro de Transporte y Presidente de la aerol\u00ednea venezolana Conviasa,\u00a0Ram\u00f3n Celestino Vel\u00e1squez, anunci\u00f3 a trav\u00e9s de Twitter: \u00abtuve el honor de participar junto a empresas gubernamentales de Venezuela, en el primer encuentro binacional colombo-venezolano\u00bb, indic\u00f3.<\/div>\n<div><\/div>\n<div>\n<blockquote class=\"twitter-tweet\">\n<p dir=\"ltr\" lang=\"es\"><a href=\"https:\/\/twitter.com\/hashtag\/15Dic?src=hash&amp;ref_src=twsrc%5Etfw\">#15Dic<\/a>\u00a0Tuve el honor de participar junto a empresas gubernamentales de Venezuela, en el primer encuentro binacional colombo-venezolano, una iniciativa de los presidentes\u00a0<a href=\"https:\/\/twitter.com\/NicolasMaduro?ref_src=twsrc%5Etfw\">@NicolasMaduro<\/a>\u00a0y\u00a0<a href=\"https:\/\/twitter.com\/gustavopetroes?ref_src=twsrc%5Etfw\">@gustavopetroes<\/a>\u00a0para restablecer las relaciones pol\u00edticas y econ\u00f3micas entre pa\u00edses hermanos\u00a0<a href=\"https:\/\/t.co\/jTnQGMupVW\">pic.twitter.com\/jTnQGMupVW<\/a><\/p>\n<p>\u2014 Ram\u00f3n Celestino Vel\u00e1squez Araguay\u00e1n (@rvaraguayan)\u00a0<a href=\"https:\/\/twitter.com\/rvaraguayan\/status\/1603472114144710673?ref_src=twsrc%5Etfw\">December 15, 2022<\/a><\/p><\/blockquote>\n<\/div>\n<div><\/div>\n<div>Por otro lado, German Uma\u00f1a, ministro de Industrias, Comercio y Turismo de Colombia y los equipos t\u00e9cnicos colombo-venezolanos, se reunieron para la revisi\u00f3n y avance en los acuerdos de complementaci\u00f3n econ\u00f3mica, orientadas por los presidentes, Gustavo Petro y Nicol\u00e1s Maduro.<\/div>\n<div><\/div>\n<div>Este\u00a0encuentro binacional, donde participan 45 empresarios del sector industrial, 25 del sector turismo, 23 del \u00e1mbito agroalimentario y 19 altos funcionarios, se realiza a s\u00f3lo 16 d\u00edas de que ambos pa\u00edses abran totalmente su frontera, acci\u00f3n prevista para el 1 de enero de 2023, conforme al anuncio del presidente Maduro.<\/div>\n<div><\/div>\n<div>Globovision<\/div>\n","protected":false},"excerpt":{"rendered":"<p>M\u00e1s de 100 empresarios venezolanos encabezados por\u00a0los ministros Wilmar Castro, de Agricultura Productiva y Tierras; y Ram\u00f3n Celestino Vel\u00e1squez, ministro de Transporte y Presidente de la aerol\u00ednea venezolana Conviasa, llegaron a Colombia este jueves. Con una reuni\u00f3n de trabajo liderada\u00a0por el viceministro de Turismo de Colombia Arturo Bravo y su hom\u00f3loga venezolana Leticia G\u00f3mez, se [&hellip;]<\/p>\n","protected":false},"author":19,"featured_media":233687,"comment_status":"closed","ping_status":"closed","sticky":false,"template":"","format":"standard","meta":{"footnotes":""},"categories":[9],"tags":[],"class_list":{"0":"post-233686","1":"post","2":"type-post","3":"status-publish","4":"format-standard","5":"has-post-thumbnail","7":"category-nacionales"},"_links":{"self":[{"href":"https:\/\/elluchador.info\/index.php?rest_route=\/wp\/v2\/posts\/233686","targetHints":{"allow":["GET"]}}],"collection":[{"href":"https:\/\/elluchador.info\/index.php?rest_route=\/wp\/v2\/posts"}],"about":[{"href":"https:\/\/elluchador.info\/index.php?rest_route=\/wp\/v2\/types\/post"}],"author":[{"embeddable":true,"href":"https:\/\/elluchador.info\/index.php?rest_route=\/wp\/v2\/users\/19"}],"replies":[{"embeddable":true,"href":"https:\/\/elluchador.info\/index.php?rest_route=%2Fwp%2Fv2%2Fcomments&post=233686"}],"version-history":[{"count":1,"href":"https:\/\/elluchador.info\/index.php?rest_route=\/wp\/v2\/posts\/233686\/revisions"}],"predecessor-version":[{"id":233688,"href":"https:\/\/elluchador.info\/index.php?rest_route=\/wp\/v2\/posts\/233686\/revisions\/233688"}],"wp:featuredmedia":[{"embeddable":true,"href":"https:\/\/elluchador.info\/index.php?rest_route=\/wp\/v2\/media\/233687"}],"wp:attachment":[{"href":"https:\/\/elluchador.info\/index.php?rest_route=%2Fwp%2Fv2%2Fmedia&parent=233686"}],"wp:term":[{"taxonomy":"category","embeddable":true,"href":"https:\/\/elluchador.info\/index.php?rest_route=%2Fwp%2Fv2%2Fcategories&post=233686"},{"taxonomy":"post_tag","embeddable":true,"href":"https:\/\/elluchador.info\/index.php?rest_route=%2Fwp%2Fv2%2Ftags&post=233686"}],"curies":[{"name":"wp","href":"https:\/\/api.w.org\/{rel}","templated":true}]}}