{"id":233689,"date":"2022-12-16T16:47:03","date_gmt":"2022-12-16T20:47:03","guid":{"rendered":"https:\/\/elluchador.info\/web\/?p=233689"},"modified":"2022-12-16T16:47:03","modified_gmt":"2022-12-16T20:47:03","slug":"aleska-genesis-muestra-fotos-de-su-terrible-enfermedad","status":"publish","type":"post","link":"https:\/\/elluchador.info\/?p=233689","title":{"rendered":"Aleska G\u00e9nesis muestra fotos de su terrible enfermedad"},"content":{"rendered":"<p>La modelo venezolana\u00a0Aleska G\u00e9nesis\u00a0comparti\u00f3 en su cuenta de\u00a0Instagram\u00a0que actualmente se encuentra viviendo las consecuencias que ha arrastrado en los \u00faltimos meses.<\/p>\n<p>En este sentido, la criolla se refiere a los problemas que ha tenido con su ex, el empresario\u00a0Miguel Mawad.<\/p>\n<p>Aleska G\u00e9nesis public\u00f3 en sus historias varias im\u00e1genes con las que revel\u00f3 que sufre de la enfermedad de Alopecia, p\u00e9rdida anormal del cabello.<\/p>\n<p>En las fotos, claramente se puede apreciar la zona afectada de su cabeza.<\/p>\n<p>Por su parte, la modelo tambi\u00e9n ha denunciado los reportes a su cuenta.<\/p>\n<p>Debido a que le han eliminado dos publicaciones de su caso de alopecia.<\/p>\n<p>\u00abEsta soy yo actualmente, mi cabello se ha ca\u00eddo, mi salud se ha visto afectada y esto que tengo en mi cabeza me ha jodido el autoestima, ( estoy sufriendo de Alopecia) no he podido dormir, he tenido insomnios, dolores, estr\u00e9s emocional, he recibido terapias de ansiedad y esto comenz\u00f3 hace tres meses desde que yo decid\u00ed cortar totalmente relaci\u00f3n y comunicaci\u00f3n con una persona que me hizo da\u00f1o, me maltrat\u00f3 y violent\u00f3 durante cinco a\u00f1os y hoy por hoy lo sigue haciendo y no lo ha tenido nada de compasi\u00f3n conmigo\u00bb, hab\u00eda comentado la venezolana en la primera publicaci\u00f3n.<\/p>\n","protected":false},"excerpt":{"rendered":"<p>La modelo venezolana\u00a0Aleska G\u00e9nesis\u00a0comparti\u00f3 en su cuenta de\u00a0Instagram\u00a0que actualmente se encuentra viviendo las consecuencias que ha arrastrado en los \u00faltimos meses. En este sentido, la criolla se refiere a los problemas que ha tenido con su ex, el empresario\u00a0Miguel Mawad. Aleska G\u00e9nesis public\u00f3 en sus historias varias im\u00e1genes con las que revel\u00f3 que sufre de [&hellip;]<\/p>\n","protected":false},"author":19,"featured_media":233690,"comment_status":"closed","ping_status":"closed","sticky":false,"template":"","format":"standard","meta":{"footnotes":""},"categories":[7],"tags":[],"class_list":{"0":"post-233689","1":"post","2":"type-post","3":"status-publish","4":"format-standard","5":"has-post-thumbnail","7":"category-entretenimiento"},"_links":{"self":[{"href":"https:\/\/elluchador.info\/index.php?rest_route=\/wp\/v2\/posts\/233689","targetHints":{"allow":["GET"]}}],"collection":[{"href":"https:\/\/elluchador.info\/index.php?rest_route=\/wp\/v2\/posts"}],"about":[{"href":"https:\/\/elluchador.info\/index.php?rest_route=\/wp\/v2\/types\/post"}],"author":[{"embeddable":true,"href":"https:\/\/elluchador.info\/index.php?rest_route=\/wp\/v2\/users\/19"}],"replies":[{"embeddable":true,"href":"https:\/\/elluchador.info\/index.php?rest_route=%2Fwp%2Fv2%2Fcomments&post=233689"}],"version-history":[{"count":1,"href":"https:\/\/elluchador.info\/index.php?rest_route=\/wp\/v2\/posts\/233689\/revisions"}],"predecessor-version":[{"id":233691,"href":"https:\/\/elluchador.info\/index.php?rest_route=\/wp\/v2\/posts\/233689\/revisions\/233691"}],"wp:featuredmedia":[{"embeddable":true,"href":"https:\/\/elluchador.info\/index.php?rest_route=\/wp\/v2\/media\/233690"}],"wp:attachment":[{"href":"https:\/\/elluchador.info\/index.php?rest_route=%2Fwp%2Fv2%2Fmedia&parent=233689"}],"wp:term":[{"taxonomy":"category","embeddable":true,"href":"https:\/\/elluchador.info\/index.php?rest_route=%2Fwp%2Fv2%2Fcategories&post=233689"},{"taxonomy":"post_tag","embeddable":true,"href":"https:\/\/elluchador.info\/index.php?rest_route=%2Fwp%2Fv2%2Ftags&post=233689"}],"curies":[{"name":"wp","href":"https:\/\/api.w.org\/{rel}","templated":true}]}}