{"id":233701,"date":"2022-12-16T17:00:04","date_gmt":"2022-12-16T21:00:04","guid":{"rendered":"https:\/\/elluchador.info\/web\/?p=233701"},"modified":"2022-12-16T17:00:04","modified_gmt":"2022-12-16T21:00:04","slug":"el-gobierno-peruano-envia-3-ministros-y-medicos-tras-8-muertes-en-ayacucho-por-las-protestas","status":"publish","type":"post","link":"https:\/\/elluchador.info\/?p=233701","title":{"rendered":"El Gobierno peruano env\u00eda 3 ministros y m\u00e9dicos tras 8 muertes en Ayacucho por las protestas"},"content":{"rendered":"<p>El Gobierno de Per\u00fa decidi\u00f3 enviar una misi\u00f3n de tres ministros, junto a un quipo de 30 m\u00e9dicos y para m\u00e9dicos, a la provincia de Ayacucho, al sur del pa\u00eds, donde este jueves se produjeron fuertes manifestaciones entre manifestantes y la fuerza de seguridad que dejaron ocho personas muertas.<\/p>\n<div>\n<div>La ministra de Salud, Rosa Guti\u00e9rrez, declar\u00f3 a periodistas que en el Ejecutivo est\u00e1 \u00abtrabajando todo un equipo\u00bb para afrontar la crisis social y pol\u00edtica que desde el domingo ha dejado un total de 18 muertos y cientos de heridos en todo el pa\u00eds, seg\u00fan se\u00f1al\u00f3.<\/div>\n<div>\n\u00abHasta el momento tenemos registrados 18 muertos y m\u00e1s de 192 altas\u00bb m\u00e9dicas, se\u00f1al\u00f3 Guti\u00e9rrez a las afueras del Palacio de Gobierno de Lima.<\/p>\n<p>La ministra dijo que los dem\u00e1s heridos \u00abest\u00e1n siendo atendidos en diferentes hospitales\u00bb del pa\u00eds. Rese\u00f1\u00f3 EFE.<\/p><\/div>\n<div><\/div>\n<div>A\u00f1adi\u00f3 que dentro de unas dos horas arribar\u00e1 a Ayacucho, que es su tierra natal, junto a los ministros de Desarrollo e Inclusi\u00f3n Social, Julio Demartini, y de la Mujer, Hania P\u00e9rez de Cuellar.<\/p>\n<p>La funcionaria se\u00f1al\u00f3 que tambi\u00e9n est\u00e1n trasladando un equipo de 30 especialistas, entre m\u00e9dicos y param\u00e9dicos, adem\u00e1s de insumos, medicamentos, alimentos y ropa.<\/p>\n<p>\u00abEn Ayacucho s\u00ed hemos llegado a nuestra m\u00e1xima capacidad operativa, por eso estamos llevando m\u00e9dicos especialistas en cirug\u00eda\u00bb, detall\u00f3.<\/p>\n<p>Las v\u00edctimas mortales de los enfrentamientos que se produjeron el jueves en Ayacucho subieron este viernes a 8, tras la confirmaci\u00f3n de un nuevo fallecido, as\u00ed como de 52 heridos, seg\u00fan inform\u00f3 la Direcci\u00f3n Regional de Salud (Diresa).<\/p>\n<p>Los fallecidos en Huamanga, la capital de Ayacucho, se sumaron a otros dos decesos producidos el jueves en la regi\u00f3n norte\u00f1a de la Libertad, todos por enfrentamientos con las fuerzas de seguridad durante el primer d\u00eda del estado de emergencia nacional decretado por el Gobierno peruano.<\/p>\n<p>De esa manera, se lleg\u00f3 a un total de 18 muertes en todo el pa\u00eds desde que el domingo pasado comenzaron manifestaciones y protestas que exigen el adelanto de elecciones, la renuncia de la presidenta Dina Boluarte, el cierre del Congreso y la convocatoria a una asamblea constituyente.<\/p>\n<\/div>\n<\/div>\n<div>\u00a0EFE.<\/div>\n","protected":false},"excerpt":{"rendered":"<p>El Gobierno de Per\u00fa decidi\u00f3 enviar una misi\u00f3n de tres ministros, junto a un quipo de 30 m\u00e9dicos y para m\u00e9dicos, a la provincia de Ayacucho, al sur del pa\u00eds, donde este jueves se produjeron fuertes manifestaciones entre manifestantes y la fuerza de seguridad que dejaron ocho personas muertas. La ministra de Salud, Rosa Guti\u00e9rrez, [&hellip;]<\/p>\n","protected":false},"author":19,"featured_media":233703,"comment_status":"closed","ping_status":"closed","sticky":false,"template":"","format":"standard","meta":{"footnotes":""},"categories":[8],"tags":[],"class_list":{"0":"post-233701","1":"post","2":"type-post","3":"status-publish","4":"format-standard","5":"has-post-thumbnail","7":"category-internacionales"},"_links":{"self":[{"href":"https:\/\/elluchador.info\/index.php?rest_route=\/wp\/v2\/posts\/233701","targetHints":{"allow":["GET"]}}],"collection":[{"href":"https:\/\/elluchador.info\/index.php?rest_route=\/wp\/v2\/posts"}],"about":[{"href":"https:\/\/elluchador.info\/index.php?rest_route=\/wp\/v2\/types\/post"}],"author":[{"embeddable":true,"href":"https:\/\/elluchador.info\/index.php?rest_route=\/wp\/v2\/users\/19"}],"replies":[{"embeddable":true,"href":"https:\/\/elluchador.info\/index.php?rest_route=%2Fwp%2Fv2%2Fcomments&post=233701"}],"version-history":[{"count":1,"href":"https:\/\/elluchador.info\/index.php?rest_route=\/wp\/v2\/posts\/233701\/revisions"}],"predecessor-version":[{"id":233704,"href":"https:\/\/elluchador.info\/index.php?rest_route=\/wp\/v2\/posts\/233701\/revisions\/233704"}],"wp:featuredmedia":[{"embeddable":true,"href":"https:\/\/elluchador.info\/index.php?rest_route=\/wp\/v2\/media\/233703"}],"wp:attachment":[{"href":"https:\/\/elluchador.info\/index.php?rest_route=%2Fwp%2Fv2%2Fmedia&parent=233701"}],"wp:term":[{"taxonomy":"category","embeddable":true,"href":"https:\/\/elluchador.info\/index.php?rest_route=%2Fwp%2Fv2%2Fcategories&post=233701"},{"taxonomy":"post_tag","embeddable":true,"href":"https:\/\/elluchador.info\/index.php?rest_route=%2Fwp%2Fv2%2Ftags&post=233701"}],"curies":[{"name":"wp","href":"https:\/\/api.w.org\/{rel}","templated":true}]}}