{"id":233710,"date":"2022-12-16T17:08:01","date_gmt":"2022-12-16T21:08:01","guid":{"rendered":"https:\/\/elluchador.info\/web\/?p=233710"},"modified":"2022-12-16T17:08:01","modified_gmt":"2022-12-16T21:08:01","slug":"impacto-de-la-pandemia-en-cancer-se-preven-mas-casos-avanzados-de-pulmon-colon-y-mama","status":"publish","type":"post","link":"https:\/\/elluchador.info\/?p=233710","title":{"rendered":"Impacto de la pandemia en c\u00e1ncer: Se prev\u00e9n m\u00e1s casos avanzados de pulm\u00f3n, colon y mama"},"content":{"rendered":"<p>Esta es la principal conclusi\u00f3n del \u201cEstudio de Impacto de la Pandemia por Covid-19 sobre la Prevenci\u00f3n y el Control del C\u00e1ncer en el Sistema Nacional de Salud\u201d que el Ministerio de Sanidad presentar\u00e1 a las autonom\u00edas en su pr\u00f3ximo Consejo Interterritorial ordinario que se celebrar\u00e1 el pr\u00f3ximo lunes en M\u00e9rida.<\/p>\n<p>El estudio, encargado a la Fundaci\u00f3n Avedis Donabedian y al que ha tenido acceso Efe, es fruto del acuerdo que este mismo \u00f3rgano tom\u00f3 en febrero de 2021 para medir las consecuencias que se sab\u00eda que el par\u00f3n de la covid iba a acarrear en el abordaje del c\u00e1ncer.<\/p>\n<p>Y ahora ya se les puede poner cifras, como que el n\u00famero de pacientes a los que se realiz\u00f3 alg\u00fan procedimiento relacionado con la patolog\u00eda oncol\u00f3gica baj\u00f3 m\u00e1s del 13 %, o que la pr\u00e1ctica de broncoscopias o citolog\u00edas cayeron un 25 %.<\/p>\n<h2 class=\"wp-block-heading\">El c\u00e1ncer de pulm\u00f3n, el m\u00e1s afectado<\/h2>\n<p>El an\u00e1lisis se detiene principalmente en cuatro c\u00e1nceres -pulm\u00f3n, mama, colon y hematol\u00f3gicos- seleccionados en base a criterios de incidencia, prevalencia y gravedad. La pandemia ha atacado sobre todo al primero, tanto por la ca\u00edda del n\u00famero de pruebas como de diagn\u00f3sticos.<\/p>\n<p>De este\u00a0<a href=\"https:\/\/efesalud.com\/cancer-pulmon-descenso-supervivencia-pandemia\/\" target=\"_blank\" rel=\"noreferrer noopener\" data-wpel-link=\"internal\">c\u00e1ncer<\/a>\u00a0se hicieron 13.101 exploraciones menos (-23,6 %) respecto a 2019; sobre la positividad de las pruebas -que da una idea del n\u00famero de diagn\u00f3sticos, aunque no todas tienen esta finalidad-, las broncoscopias positivas disminuyeron en 2.113 casos (15,4 %).<\/p>\n<p>Si se atiende a las pruebas, le seguir\u00eda el c\u00e1ncer de colon (15,16 %) y luego el de mama (10,64 %), al contrario de lo que sucede con los casos positivos, donde el de mama (9,74 %) es el segundo y el de colon, con una bajada del 5,51 %, el tercero.<\/p>\n<blockquote class=\"wp-block-quote\"><p>Ante la \u201cmagnitud relevante\u201d de la disminuci\u00f3n de los diagn\u00f3sticos de estos tres tumores, los expertos lanzan esta previsi\u00f3n: \u201cEn los pr\u00f3ximos a\u00f1os se producir\u00e1 un aumento de los diagn\u00f3sticos en estadios m\u00e1s avanzados\u201d.<\/p><\/blockquote>\n<p>Por su parte, las neoplasias hematol\u00f3gicas permanecen pr\u00e1cticamente igual, con un 4,49 % menos de pruebas y 0,49 % menos de diagn\u00f3sticos.<\/p>\n<h2 class=\"wp-block-heading\">Impacto de la pandemia en los cribados contra el c\u00e1ncer<\/h2>\n<p>Igualmente, se vieron afectados los programas de cribado de mama y colorrectal con una bajada \u201csignificativa\u201d de su cobertura (personas invitadas), pero se logr\u00f3 suavizar la ca\u00edda de la participaci\u00f3n.<\/p>\n<p>El m\u00e1s tocado fue el colorrectal, cuya cobertura, que en 2019 superaba el 70 %, sufri\u00f3 descensos importantes en todas las comunidades, sobre todo en Navarra, donde se desplom\u00f3 m\u00e1s de un 70 %. La participaci\u00f3n disminuy\u00f3 en diez, aunque menos acusadamente.<\/p>\n<p>Mientras, la cobertura del cribado de mama disminuy\u00f3 en todos los territorios -m\u00e1s en Navarra, un 46,6 %, Pa\u00eds Vasco y La Rioja, donde la ca\u00edda roza el 40 %-, excepto en Galicia y Melilla, aunque siete comunidades lograron mantenerla por encima del 80 %.<br \/>\nLa participaci\u00f3n se mantuvo en niveles similares a 2019 menos Madrid, donde la variaci\u00f3n fue del 31 %.<\/p>\n<h2 class=\"wp-block-heading\">La actividad en los hospitales<\/h2>\n<p>Uno de los mejores indicadores para medir el impacto es el de pacientes dados de alta con diagn\u00f3stico principal oncol\u00f3gico, que fueron un 12 % menos. Los efectos de la pandemia tambi\u00e9n se notan en las sesiones de quimio y radioterapia, aunque parte de la variaci\u00f3n se puede explicar por la prescripci\u00f3n de terapias de quimioterapia oral.<\/p>\n<blockquote class=\"wp-block-quote\"><p>Como era previsible, en los 3 meses m\u00e1s duros de la covid, las sesiones de quimio bajaron casi el 10 % -solo Andaluc\u00eda y Extremadura lograron un incremento de la actividad-, y aunque el ritmo se suaviz\u00f3 a lo largo del a\u00f1o, no se recuperaron los niveles de actividad previos. La reducci\u00f3n fue as\u00ed del 4,2 %, equivalente a 53.588 sesiones menos en toda Espa\u00f1a.<\/p><\/blockquote>\n<p>La actividad radioter\u00e1pica se sostuvo relativamente durante los primeros meses, pero cay\u00f3 despu\u00e9s, cerrando el a\u00f1o con una disminuci\u00f3n del 9,4 % (71.684 sesiones menos). En el caso de las biopsias, se dejaron de practicar casi 608.000.<\/p>\n<p>Tambi\u00e9n bajaron las visitas a oncolog\u00eda m\u00e9dica, sobre todo con el confinamiento (-12 %); las pedi\u00e1tricas son dif\u00edciles de valorar pero s\u00ed hubo un impacto negativo con una reducci\u00f3n de primeras visitas en oncohematolog\u00eda en aproximadamente 850 unidades.<\/p>\n<h2 class=\"wp-block-heading\">Lo que no se ha visto alterado por el coronavirus<\/h2>\n<p>Por el contrario, en lo que parece que la pandemia no tuvo efecto fue en las tasas de vacunaci\u00f3n de los pacientes oncol\u00f3gicos frente la Hepatitis B (VHB) y el virus del Virus del Papiloma Humano (VPH) -que incluso aument\u00f3 ligeramente-, ni en lo que se refiere a la primovacunaci\u00f3n ni en las dosis de refuerzo.<\/p>\n<blockquote class=\"wp-block-quote\"><p>De la informaci\u00f3n aportada por 46 hospitales, se deduce que los centros pusieron en pr\u00e1ctica un abanico de medidas -como consultas telef\u00f3nicas con psicolog\u00eda y psiquiatr\u00eda, la puesta a disposici\u00f3n de un tel\u00e9fono de asistencia psicol\u00f3gica, la elaboraci\u00f3n de v\u00eddeos de autoayuda o un webinario- para prevenir y abordar la aparici\u00f3n de sintomatolog\u00eda ansiosa y depresiva en los pacientes con c\u00e1ncer.<\/p><\/blockquote>\n<p>No obstante, \u201char\u00eda falta m\u00e1s informaci\u00f3n para poder abordar\u201d su efectividad, recoge el informe sobre el impacto de la pandemia en el c\u00e1ncer que presentar\u00e1 el lunes el\u00a0<a href=\"https:\/\/www.sanidad.gob.es\/\" target=\"_blank\" rel=\"noreferrer noopener nofollow\" data-wpel-link=\"external\">Ministerio de Sanidad.<\/a><\/p>\n<p>En general, tambi\u00e9n se mantuvo el acceso a cuidados paliativos, e incluso la mitad de los hospitales desarrollaron nuevas iniciativas o adaptaron las existentes para garantizar el acceso.<\/p>\n","protected":false},"excerpt":{"rendered":"<p>Esta es la principal conclusi\u00f3n del \u201cEstudio de Impacto de la Pandemia por Covid-19 sobre la Prevenci\u00f3n y el Control del C\u00e1ncer en el Sistema Nacional de Salud\u201d que el Ministerio de Sanidad presentar\u00e1 a las autonom\u00edas en su pr\u00f3ximo Consejo Interterritorial ordinario que se celebrar\u00e1 el pr\u00f3ximo lunes en M\u00e9rida. El estudio, encargado a [&hellip;]<\/p>\n","protected":false},"author":19,"featured_media":233711,"comment_status":"closed","ping_status":"closed","sticky":false,"template":"","format":"standard","meta":{"footnotes":""},"categories":[19],"tags":[],"class_list":{"0":"post-233710","1":"post","2":"type-post","3":"status-publish","4":"format-standard","5":"has-post-thumbnail","7":"category-salud"},"_links":{"self":[{"href":"https:\/\/elluchador.info\/index.php?rest_route=\/wp\/v2\/posts\/233710","targetHints":{"allow":["GET"]}}],"collection":[{"href":"https:\/\/elluchador.info\/index.php?rest_route=\/wp\/v2\/posts"}],"about":[{"href":"https:\/\/elluchador.info\/index.php?rest_route=\/wp\/v2\/types\/post"}],"author":[{"embeddable":true,"href":"https:\/\/elluchador.info\/index.php?rest_route=\/wp\/v2\/users\/19"}],"replies":[{"embeddable":true,"href":"https:\/\/elluchador.info\/index.php?rest_route=%2Fwp%2Fv2%2Fcomments&post=233710"}],"version-history":[{"count":1,"href":"https:\/\/elluchador.info\/index.php?rest_route=\/wp\/v2\/posts\/233710\/revisions"}],"predecessor-version":[{"id":233712,"href":"https:\/\/elluchador.info\/index.php?rest_route=\/wp\/v2\/posts\/233710\/revisions\/233712"}],"wp:featuredmedia":[{"embeddable":true,"href":"https:\/\/elluchador.info\/index.php?rest_route=\/wp\/v2\/media\/233711"}],"wp:attachment":[{"href":"https:\/\/elluchador.info\/index.php?rest_route=%2Fwp%2Fv2%2Fmedia&parent=233710"}],"wp:term":[{"taxonomy":"category","embeddable":true,"href":"https:\/\/elluchador.info\/index.php?rest_route=%2Fwp%2Fv2%2Fcategories&post=233710"},{"taxonomy":"post_tag","embeddable":true,"href":"https:\/\/elluchador.info\/index.php?rest_route=%2Fwp%2Fv2%2Ftags&post=233710"}],"curies":[{"name":"wp","href":"https:\/\/api.w.org\/{rel}","templated":true}]}}