{"id":233727,"date":"2022-12-18T10:15:22","date_gmt":"2022-12-18T14:15:22","guid":{"rendered":"https:\/\/elluchador.info\/web\/?p=233727"},"modified":"2022-12-18T10:42:15","modified_gmt":"2022-12-18T14:42:15","slug":"van-24-fallecidos-por-represion-contra-manifestaciones-en-peru","status":"publish","type":"post","link":"https:\/\/elluchador.info\/?p=233727","title":{"rendered":"Van 24 fallecidos por represi\u00f3n contra manifestaciones en Per\u00fa"},"content":{"rendered":"<p>La cifra de muertos por la represi\u00f3n de fuerzas policiales y militares contra las manifestaciones populares en Per\u00fa contin\u00faa su aumento, llegando a 24, inform\u00f3 este s\u00e1bado una fuente oficial.<\/p>\n<p>En su balance m\u00e1s reciente, el Ministerio de Salud (Minsa) indic\u00f3 en su cuenta oficial en Twitter que durante las manifestaciones p\u00fablicas a nivel nacional se han registrado un total de 24 fallecidos, report\u00f3 Telesur.<\/p>\n<p>Al desglosar las cifras, el Minsa se\u00f1al\u00f3 que seis personas han perdido la vida en Apur\u00edmac, una en Arequipa, tres en La Libertad, dos en Cusco, tres en Jun\u00edn y nueve en Ayacucho.<\/p>\n<p>La cartera sanitaria agreg\u00f3 que se contabilizan 77 hospitalizados: Ayacucho (29), Apur\u00edmac (5), Lima (6), Arequipa (7), Huancavelica (1), La Libertad (12) y Jun\u00edn (17).<\/p>\n<p>Adem\u00e1s, se registran 244 altas m\u00e9dicas: Apur\u00edmac (56), Lima (35), Arequipa (30), Huancavelica (12), La Libertad (36), Puno (15), Ayacucho (33), Jun\u00edn (20) y Cusco (7).<\/p>\n<p>Las manifestaciones en Per\u00fa no se han detenido desde el pasado 7 de diciembre, cuando el Congreso design\u00f3 como presidenta del pa\u00eds a Dina Boluarte, tras destituir al jefe de Estado Pedro Castillo, quien se encuentra en prisi\u00f3n preventiva acusado del presunto delito de rebeli\u00f3n.<\/p>\n<p>Boluarte, quien declar\u00f3 el estado de emergencia nacional por 30 d\u00edas, afirm\u00f3 este s\u00e1bado que se mantendr\u00e1 en el cargo y demand\u00f3 al Congreso adelantar para el a\u00f1o 2023 las elecciones generales.<\/p>\n<p>Ante la violencia contra las manifestaciones, organizaciones sociales y personalidades, como el expresidente boliviano Evo Morales, han hecho llamados a organismos internacionales, entre ellos a la ONU y a la CIDH, para que pongan un alto a las muertes y graves violaciones de los derechos humanos del pueblo peruano.<\/p>\n<p>\u00abHacemos un llamado a la comunidad internacional, especialmente a los organismos de ONU y la CIDH, para que pongan un alto a las muertes y graves violaciones de Derechos Humanos que sufre el hermano pueblo peruano por reclamar Asamblea Constituyente y liberaci\u00f3n de su presidente\u00bb, public\u00f3 Evo Morales en su cuenta en Twitter.<\/p>\n<p>Campesinos liberados<\/p>\n<p>Cerca de la medianoche de este s\u00e1bado, la polic\u00eda liber\u00f3 a 26 campesinos que retuvo de manera arbitraria durante unas 14 horas en las instalaciones de la Confederaci\u00f3n Campesina del Per\u00fa (CCP), en Lima, la capital del pa\u00eds, que hab\u00eda sido allanada m\u00e1s temprano.<\/p>\n<p>Jaime Herrera, colaborador de Telesur, inform\u00f3 en su cuenta de Twitter que \u201cdespu\u00e9s de 14 horas de retenci\u00f3n arbitraria, los 26 campesinos intervenidos en la Confederaci\u00f3n Campesina del Per\u00fa fueron liberados sin ning\u00fan cargo. Pes\u00f3 la presi\u00f3n popular\u201d.<\/p>\n<p>Los manifestantes fueron recibidos en las afueras de la CCP por sus compa\u00f1eros quienes se hab\u00edan concentrado en el lugar reclamando su liberaci\u00f3n inmediata.<\/p>\n<p>Con informaci\u00f3n de ultimasnoticias.com.ve<\/p>\n","protected":false},"excerpt":{"rendered":"<p>La cifra de muertos por la represi\u00f3n de fuerzas policiales y militares contra las manifestaciones populares en Per\u00fa contin\u00faa su aumento, llegando a 24, inform\u00f3 este s\u00e1bado una fuente oficial. En su balance m\u00e1s reciente, el Ministerio de Salud (Minsa) indic\u00f3 en su cuenta oficial en Twitter que durante las manifestaciones p\u00fablicas a nivel nacional [&hellip;]<\/p>\n","protected":false},"author":19,"featured_media":233737,"comment_status":"closed","ping_status":"closed","sticky":false,"template":"","format":"standard","meta":{"footnotes":""},"categories":[8],"tags":[],"class_list":{"0":"post-233727","1":"post","2":"type-post","3":"status-publish","4":"format-standard","5":"has-post-thumbnail","7":"category-internacionales"},"_links":{"self":[{"href":"https:\/\/elluchador.info\/index.php?rest_route=\/wp\/v2\/posts\/233727","targetHints":{"allow":["GET"]}}],"collection":[{"href":"https:\/\/elluchador.info\/index.php?rest_route=\/wp\/v2\/posts"}],"about":[{"href":"https:\/\/elluchador.info\/index.php?rest_route=\/wp\/v2\/types\/post"}],"author":[{"embeddable":true,"href":"https:\/\/elluchador.info\/index.php?rest_route=\/wp\/v2\/users\/19"}],"replies":[{"embeddable":true,"href":"https:\/\/elluchador.info\/index.php?rest_route=%2Fwp%2Fv2%2Fcomments&post=233727"}],"version-history":[{"count":1,"href":"https:\/\/elluchador.info\/index.php?rest_route=\/wp\/v2\/posts\/233727\/revisions"}],"predecessor-version":[{"id":233729,"href":"https:\/\/elluchador.info\/index.php?rest_route=\/wp\/v2\/posts\/233727\/revisions\/233729"}],"wp:featuredmedia":[{"embeddable":true,"href":"https:\/\/elluchador.info\/index.php?rest_route=\/wp\/v2\/media\/233737"}],"wp:attachment":[{"href":"https:\/\/elluchador.info\/index.php?rest_route=%2Fwp%2Fv2%2Fmedia&parent=233727"}],"wp:term":[{"taxonomy":"category","embeddable":true,"href":"https:\/\/elluchador.info\/index.php?rest_route=%2Fwp%2Fv2%2Fcategories&post=233727"},{"taxonomy":"post_tag","embeddable":true,"href":"https:\/\/elluchador.info\/index.php?rest_route=%2Fwp%2Fv2%2Ftags&post=233727"}],"curies":[{"name":"wp","href":"https:\/\/api.w.org\/{rel}","templated":true}]}}