{"id":233748,"date":"2022-12-18T11:39:47","date_gmt":"2022-12-18T15:39:47","guid":{"rendered":"https:\/\/elluchador.info\/web\/?p=233748"},"modified":"2022-12-18T11:39:47","modified_gmt":"2022-12-18T15:39:47","slug":"papa-francisco-he-firmado-mi-renuncia-en-caso-de-impedimento-medico","status":"publish","type":"post","link":"https:\/\/elluchador.info\/?p=233748","title":{"rendered":"Papa Francisco: He firmado mi renuncia en caso de impedimento m\u00e9dico"},"content":{"rendered":"<p>El papa Francisco dijo que ya tiene firmada su renuncia y que no ha tocado el estatuto del Papa em\u00e9rito. Desde el \u00abpecado\u00bb del clericarismo a las cuestiones pol\u00edticas m\u00e1s candentes, sin olvidar los problemas de la Iglesia, Francisco repasa para el diario espa\u00f1ol ABC varios temas de actualidad. Javier Mart\u00ednez-Brocal y Juli\u00e1n Quir\u00f3s visitaron al Papa en la residencia donde vive en el Vaticano, Casa Santa Marta, a unos d\u00edas antes de cumplir 86 a\u00f1os.<\/p>\n<p>El Obispo de Roma enfrenta, por primera vez, en p\u00fablico, la cuesti\u00f3n de su renuncia debida a un repentino impedido por problemas de salud o accidente y le preguntan si no ser\u00eda conveniente una norma para estos casos.<\/p>\n<p>\u00abYo ya he firmado mi renuncia. Era Tarcisio Bertone el secretario de Estado. Yo la firm\u00e9 y le dije: En caso de impedimento por cuestiones m\u00e9dicas o qu\u00e9 s\u00e9 yo, ac\u00e1 est\u00e1 mi renuncia. Ya la tienen. No s\u00e9 a qui\u00e9n se la habr\u00e1 dado el cardenal Bertone, pero se la di cuando era secretario de Estado. A veces hay posturas de fe inmaduras, se aferran a lo que se hizo antes\u00bb.<\/p>\n<p>Luego explica que no es una novedad, otros dos papas han tomado la misma decisi\u00f3n: \u00abPablo VI tambi\u00e9n dej\u00f3 escrita su renuncia en caso de impedimento permanente. As\u00ed es, y P\u00edo XII creo que tambi\u00e9n\u00bb. Y admite: \u00abes la primera vez que lo digo\u00bb (&#8230;) \u00abPara eso lo digo. Ahora alguno ir\u00e1 a ped\u00edrselo a Bertone: \u00a1Deme el papelito! (r\u00ede). Seguramente lo entreg\u00f3 al cardenal Pietro Parolin, el nuevo secretario de Estado. Yo se lo di a Bertone en cuanto secretario de Estado\u00bb.<\/p>\n<p>\u00abNo he castigado ni he invadido al Opus Dei\u00bb.<\/p>\n<p>Tambi\u00e9n se le pregunta por su decisi\u00f3n de reforma del Opus Dei en los par\u00e1metros de la Nueva Constituci\u00f3n Apost\u00f3lica: \u00abLa medida es una reubicaci\u00f3n que hab\u00eda que resolver. Soy muy amigo del Opus Dei, los quiero mucho y trabajan bien\u00bb, afirm\u00f3 el Papa. Adem\u00e1s explica que su decisi\u00f3n se debe \u00fanicamente a una necesidad marcada por el Derecho Can\u00f3nico que indica que la prelaturas personales deben estar dentro la congregaci\u00f3n del clero y no de los obispos en el organigrama curial.<\/p>\n<p>\u00abAh\u00ed hab\u00eda algo que no funcionaba\u2026lo hice dialogando bien con ellos\u00bb. El Papa tambi\u00e9n le quit\u00f3 hierro a que un papa jesuita viniera a realizar una reforma en contra del Opus Dei y as\u00ed acalla las voces derrotistas o divisorias.<\/p>\n<p>Con informaci\u00f3n de www.globovision.com<\/p>\n","protected":false},"excerpt":{"rendered":"<p>El papa Francisco dijo que ya tiene firmada su renuncia y que no ha tocado el estatuto del Papa em\u00e9rito. Desde el \u00abpecado\u00bb del clericarismo a las cuestiones pol\u00edticas m\u00e1s candentes, sin olvidar los problemas de la Iglesia, Francisco repasa para el diario espa\u00f1ol ABC varios temas de actualidad. Javier Mart\u00ednez-Brocal y Juli\u00e1n Quir\u00f3s visitaron [&hellip;]<\/p>\n","protected":false},"author":19,"featured_media":233749,"comment_status":"closed","ping_status":"closed","sticky":false,"template":"","format":"standard","meta":{"footnotes":""},"categories":[8],"tags":[],"class_list":{"0":"post-233748","1":"post","2":"type-post","3":"status-publish","4":"format-standard","5":"has-post-thumbnail","7":"category-internacionales"},"_links":{"self":[{"href":"https:\/\/elluchador.info\/index.php?rest_route=\/wp\/v2\/posts\/233748","targetHints":{"allow":["GET"]}}],"collection":[{"href":"https:\/\/elluchador.info\/index.php?rest_route=\/wp\/v2\/posts"}],"about":[{"href":"https:\/\/elluchador.info\/index.php?rest_route=\/wp\/v2\/types\/post"}],"author":[{"embeddable":true,"href":"https:\/\/elluchador.info\/index.php?rest_route=\/wp\/v2\/users\/19"}],"replies":[{"embeddable":true,"href":"https:\/\/elluchador.info\/index.php?rest_route=%2Fwp%2Fv2%2Fcomments&post=233748"}],"version-history":[{"count":1,"href":"https:\/\/elluchador.info\/index.php?rest_route=\/wp\/v2\/posts\/233748\/revisions"}],"predecessor-version":[{"id":233750,"href":"https:\/\/elluchador.info\/index.php?rest_route=\/wp\/v2\/posts\/233748\/revisions\/233750"}],"wp:featuredmedia":[{"embeddable":true,"href":"https:\/\/elluchador.info\/index.php?rest_route=\/wp\/v2\/media\/233749"}],"wp:attachment":[{"href":"https:\/\/elluchador.info\/index.php?rest_route=%2Fwp%2Fv2%2Fmedia&parent=233748"}],"wp:term":[{"taxonomy":"category","embeddable":true,"href":"https:\/\/elluchador.info\/index.php?rest_route=%2Fwp%2Fv2%2Fcategories&post=233748"},{"taxonomy":"post_tag","embeddable":true,"href":"https:\/\/elluchador.info\/index.php?rest_route=%2Fwp%2Fv2%2Ftags&post=233748"}],"curies":[{"name":"wp","href":"https:\/\/api.w.org\/{rel}","templated":true}]}}