{"id":233766,"date":"2022-12-18T13:16:19","date_gmt":"2022-12-18T17:16:19","guid":{"rendered":"https:\/\/elluchador.info\/web\/?p=233766"},"modified":"2022-12-18T13:16:19","modified_gmt":"2022-12-18T17:16:19","slug":"incrementaran-vuelos-comerciales-entre-caracas-y-bogota","status":"publish","type":"post","link":"https:\/\/elluchador.info\/?p=233766","title":{"rendered":"Incrementar\u00e1n vuelos comerciales entre Caracas y Bogot\u00e1"},"content":{"rendered":"<p>Vuelos comerciales entre Caracas y Bogot\u00e1 se incrementar\u00e1n con operaciones ejecutadas por dos l\u00edneas a\u00e9reas venezolanas y dos colombianas, inform\u00f3 el ministro para el Transporte, Ram\u00f3n Vel\u00e1squez Araguay\u00e1n.<\/p>\n<p>A trav\u00e9s de su cuenta en la red social Twitter, Vel\u00e1squez Araguay\u00e1n precis\u00f3 que este acuerdo se desprende del encuentro gubernamental y empresarial colombo-venezolano, una iniciativa de los presidentes de Venezuela, Nicol\u00e1s Maduro, y de Colombia, Gustavo Petro, para el fortalecimiento de las relaciones pol\u00edticas y econ\u00f3micas.<\/p>\n<p>\u00abComo resultado del encuentro gubernamental y empresarial colombo-venezolano los presidentes @NicolasMaduro y @gustavopetroes acordaron incrementar los vuelos comerciales entre Caracas y Bogot\u00e1 las operaciones ser\u00e1n ejecutadas por 2 l\u00edneas a\u00e9reas venezolanas y 2 colombianas\u00bb, public\u00f3 en Twitter.<\/p>\n<p>7 de noviembre: inicio de vuelos<\/p>\n<p>El pasado 7 de noviembre se iniciaron las operaciones a\u00e9reas entre Bogot\u00e1 y Caracas, indicaba en Twitter el embajador de Colombia en el pa\u00eds, Armando Benedetti.<\/p>\n<p>En un mensaje en la red social, Benedetti indic\u00f3: \u00ab\u00ab\u00a1Ojo! El gobierno venezolano nos informa que a partir del lunes empieza la operaci\u00f3n a\u00e9rea a funcionar entre Colombia y Venezuela. Nuestra aerol\u00ednea estatal Satena volar\u00e1 Bogot\u00e1 \u2013 Caracas, y la aerol\u00ednea venezolana Turpial har\u00e1 la ruta Caracas \u2013 Bogot\u00e1\u00bb.<\/p>\n<p>Cabe recordar que el pasado 26 de septiembre, Conviasa inici\u00f3 la conexi\u00f3n a\u00e9rea entre Caracas y Bogot\u00e1 bajo la modalidad de vuelos ch\u00e1rter.<\/p>\n<p>Mientras se establec\u00eda la ruta regular, los vuelos ch\u00e1rter de Conviasa manten\u00edan una frecuencia de una vez a la semana.<\/p>\n<p>Reactivaci\u00f3n de conexi\u00f3n a\u00e9rea<\/p>\n<p>La reactivaci\u00f3n de la conexi\u00f3n a\u00e9rea entre Venezuela y Colombia es producto de la normalizaci\u00f3n de las relaciones entre ambos gobiernos.<\/p>\n<p>En septiembre, el presidente de la Rep\u00fablica, Nicol\u00e1s Maduro, anunci\u00f3 la apertura conjunta de las fronteras entre Venezuela y Colombia, y la reanudaci\u00f3n de los vuelos entre Caracas y Bogot\u00e1.<\/p>\n<p>Por su parte, el mandatario colombiano, Gustavo Petro, se\u00f1al\u00f3 que la conexi\u00f3n a\u00e9rea y el transporte de carga ser\u00edan los primeros sectores en reactivarse.<\/p>\n<p>Otros acuerdos del encuentro binacional<\/p>\n<p>Autoridades de Colombia y Venezuela firmaron el viernes un plan para la reactivaci\u00f3n gradual del transporte internacional de carga y pasajeros por carretera, inform\u00f3 el ministro para Transporte, Ram\u00f3n Vel\u00e1squez Araguay\u00e1n.<\/p>\n<p>En un mensaje publicado en su cuenta en Twitter, el ministro Vel\u00e1squez Araguay\u00e1n precis\u00f3 que el convenio fue suscrito junto a su hom\u00f3logo colombiano, Guillermo Reyes.<\/p>\n<p>M\u00e1s de 100 empresarios y 16 proyectos<\/p>\n<p>Para el encuentro binacional, m\u00e1s de 100 empresarios venezolanos encabezados por los ministros Wilmar Castro, de Agricultura Productiva y Tierras; y Ram\u00f3n Celestino Vel\u00e1squez Araguay\u00e1n, ministro de Transporte y Presidente de la aerol\u00ednea venezolana Conviasa, llegaron a Colombia para participar en el primer encuentro bilateral, que se instal\u00f3 en Bogot\u00e1.<\/p>\n<p>En la primera reuni\u00f3n, la delegaci\u00f3n venezolana present\u00f3 16 proyectos binacionales que coinciden con los objetivos de la Corporaci\u00f3n Andina de Fomento (CAF) y la visi\u00f3n estrat\u00e9gica de los mandatarios de Venezuela y Colombia.<\/p>\n<p>Castro Soteldo explic\u00f3 que los proyectos est\u00e1n enfocados en la sostenibilidad y sustentabilidad de la actividad econ\u00f3mica.<\/p>\n<p>Relaciones Venezuela-Colombia<\/p>\n<p>El restablecimiento de las relaciones econ\u00f3micas se dio el pasado 26 de septiembre, cuando se reabri\u00f3 la frontera entre ambos pa\u00edses, tras siete a\u00f1os de permanecer cerrada.<\/p>\n<p>Con informaci\u00f3n de ultimasnoticias.com.ve<\/p>\n","protected":false},"excerpt":{"rendered":"<p>Vuelos comerciales entre Caracas y Bogot\u00e1 se incrementar\u00e1n con operaciones ejecutadas por dos l\u00edneas a\u00e9reas venezolanas y dos colombianas, inform\u00f3 el ministro para el Transporte, Ram\u00f3n Vel\u00e1squez Araguay\u00e1n. A trav\u00e9s de su cuenta en la red social Twitter, Vel\u00e1squez Araguay\u00e1n precis\u00f3 que este acuerdo se desprende del encuentro gubernamental y empresarial colombo-venezolano, una iniciativa de [&hellip;]<\/p>\n","protected":false},"author":19,"featured_media":233767,"comment_status":"closed","ping_status":"closed","sticky":false,"template":"","format":"standard","meta":{"footnotes":""},"categories":[6],"tags":[],"class_list":{"0":"post-233766","1":"post","2":"type-post","3":"status-publish","4":"format-standard","5":"has-post-thumbnail","7":"category-economia"},"_links":{"self":[{"href":"https:\/\/elluchador.info\/index.php?rest_route=\/wp\/v2\/posts\/233766","targetHints":{"allow":["GET"]}}],"collection":[{"href":"https:\/\/elluchador.info\/index.php?rest_route=\/wp\/v2\/posts"}],"about":[{"href":"https:\/\/elluchador.info\/index.php?rest_route=\/wp\/v2\/types\/post"}],"author":[{"embeddable":true,"href":"https:\/\/elluchador.info\/index.php?rest_route=\/wp\/v2\/users\/19"}],"replies":[{"embeddable":true,"href":"https:\/\/elluchador.info\/index.php?rest_route=%2Fwp%2Fv2%2Fcomments&post=233766"}],"version-history":[{"count":1,"href":"https:\/\/elluchador.info\/index.php?rest_route=\/wp\/v2\/posts\/233766\/revisions"}],"predecessor-version":[{"id":233768,"href":"https:\/\/elluchador.info\/index.php?rest_route=\/wp\/v2\/posts\/233766\/revisions\/233768"}],"wp:featuredmedia":[{"embeddable":true,"href":"https:\/\/elluchador.info\/index.php?rest_route=\/wp\/v2\/media\/233767"}],"wp:attachment":[{"href":"https:\/\/elluchador.info\/index.php?rest_route=%2Fwp%2Fv2%2Fmedia&parent=233766"}],"wp:term":[{"taxonomy":"category","embeddable":true,"href":"https:\/\/elluchador.info\/index.php?rest_route=%2Fwp%2Fv2%2Fcategories&post=233766"},{"taxonomy":"post_tag","embeddable":true,"href":"https:\/\/elluchador.info\/index.php?rest_route=%2Fwp%2Fv2%2Ftags&post=233766"}],"curies":[{"name":"wp","href":"https:\/\/api.w.org\/{rel}","templated":true}]}}