{"id":233772,"date":"2022-12-18T13:43:58","date_gmt":"2022-12-18T17:43:58","guid":{"rendered":"https:\/\/elluchador.info\/web\/?p=233772"},"modified":"2022-12-18T13:43:58","modified_gmt":"2022-12-18T17:43:58","slug":"petro-anuncia-el-reemplazo-de-aviones-kfir-de-la-fuerza-aerea-colombiana","status":"publish","type":"post","link":"https:\/\/elluchador.info\/?p=233772","title":{"rendered":"Petro anuncia el reemplazo de aviones Kfir de la Fuerza A\u00e9rea Colombiana"},"content":{"rendered":"<p>El presidente colombiano, Gustavo Petro, anunci\u00f3 este s\u00e1bado que reemplazar\u00e1 los aviones Kfir de la Fuerza A\u00e9rea Colombiana (FAC), aparatos que est\u00e1n cerca de cumplir su vida \u00fatil.<\/p>\n<p>\u201cLa Fuerza A\u00e9rea Colombiana contar\u00e1 con una fuerza de superioridad a\u00e9rea que reemplazar\u00e1 nuestros viejos aparatos Kfir (&#8230;) porque, en realidad, ya era un peligro subirse sobre esos aparatos\u201d, dijo el jefe de Estado.<\/p>\n<p>En una ceremonia de ascensos de oficiales generales de las Fuerzas Militares y de Polic\u00eda, realizada en el campo de paradas de la Escuela Militar de Cadetes \u201cJos\u00e9 Mar\u00eda C\u00f3rdova\u201d de Bogot\u00e1, Petro tambi\u00e9n dijo que esta decisi\u00f3n est\u00e1 aparejada con la intenci\u00f3n de fortalecer las capacidades terrestres en las fronteras.<\/p>\n<p>\u201cHemos tomado decisiones administrativas finales sobre las cuales la defensa terrestre de Colombia se asegurar\u00e1 en su fronteras, es una inversi\u00f3n indudablemente billonaria si se mide en pesos colombianos, es una inversi\u00f3n estrat\u00e9gica si se mide desde los fines constitucionales\u201d, explic\u00f3.<\/p>\n<p>A rengl\u00f3n seguido, dijo que la compra de esos aparatos \u201cno afectar\u00e1 a las finanzas p\u00fablicas en el presente\u201d porque \u201cse han logrado unas negociaciones\u201d con amplios per\u00edodos de gracia.<\/p>\n<p>\u201cSe han dado unas negociaciones que no solo dan suficientes periodos de gracia, sino que establecen unos criterios contractuales, por medio de los cuales la inversi\u00f3n p\u00fablica de Colombia se devuelve, no solo en los instrumentos que compra, sino en el apoyo necesario a las capacidades nacionales en una serie de temas que tienen que ver con el desarrollo de la industria aeron\u00e1utica y aeroespacial\u201d, explic\u00f3.<\/p>\n<p>Sin embargo, Petro no mencion\u00f3 las cifras para llevar a cabo esa renovaci\u00f3n y tampoco dijo a qu\u00e9 pa\u00eds o pa\u00edses se le van a comprar las nuevas aeronaves para la FAC.<\/p>\n<p>De esa forma, precis\u00f3, se podr\u00e1n desarrollar tecnolog\u00edas, capacidades y se contar\u00e1 con el conocimiento para construir en Colombia y no solamente para importar.<\/p>\n<p>\u201cPor la misma cantidad de dinero que valen estos instrumentos estrat\u00e9gicos se regresar\u00e1 en t\u00e9rminos de capacidad de la fuerza p\u00fablica y de la sociedad colombiana en temas de industria, que hemos escogido como prioritarios de acuerdo con nuestro Plan Nacional de Desarrollo\u201d.<\/p>\n<p>Con informaci\u00f3n de www.globovision.com<\/p>\n","protected":false},"excerpt":{"rendered":"<p>El presidente colombiano, Gustavo Petro, anunci\u00f3 este s\u00e1bado que reemplazar\u00e1 los aviones Kfir de la Fuerza A\u00e9rea Colombiana (FAC), aparatos que est\u00e1n cerca de cumplir su vida \u00fatil. \u201cLa Fuerza A\u00e9rea Colombiana contar\u00e1 con una fuerza de superioridad a\u00e9rea que reemplazar\u00e1 nuestros viejos aparatos Kfir (&#8230;) porque, en realidad, ya era un peligro subirse sobre [&hellip;]<\/p>\n","protected":false},"author":19,"featured_media":233773,"comment_status":"closed","ping_status":"closed","sticky":false,"template":"","format":"standard","meta":{"footnotes":""},"categories":[8],"tags":[],"class_list":{"0":"post-233772","1":"post","2":"type-post","3":"status-publish","4":"format-standard","5":"has-post-thumbnail","7":"category-internacionales"},"_links":{"self":[{"href":"https:\/\/elluchador.info\/index.php?rest_route=\/wp\/v2\/posts\/233772","targetHints":{"allow":["GET"]}}],"collection":[{"href":"https:\/\/elluchador.info\/index.php?rest_route=\/wp\/v2\/posts"}],"about":[{"href":"https:\/\/elluchador.info\/index.php?rest_route=\/wp\/v2\/types\/post"}],"author":[{"embeddable":true,"href":"https:\/\/elluchador.info\/index.php?rest_route=\/wp\/v2\/users\/19"}],"replies":[{"embeddable":true,"href":"https:\/\/elluchador.info\/index.php?rest_route=%2Fwp%2Fv2%2Fcomments&post=233772"}],"version-history":[{"count":1,"href":"https:\/\/elluchador.info\/index.php?rest_route=\/wp\/v2\/posts\/233772\/revisions"}],"predecessor-version":[{"id":233774,"href":"https:\/\/elluchador.info\/index.php?rest_route=\/wp\/v2\/posts\/233772\/revisions\/233774"}],"wp:featuredmedia":[{"embeddable":true,"href":"https:\/\/elluchador.info\/index.php?rest_route=\/wp\/v2\/media\/233773"}],"wp:attachment":[{"href":"https:\/\/elluchador.info\/index.php?rest_route=%2Fwp%2Fv2%2Fmedia&parent=233772"}],"wp:term":[{"taxonomy":"category","embeddable":true,"href":"https:\/\/elluchador.info\/index.php?rest_route=%2Fwp%2Fv2%2Fcategories&post=233772"},{"taxonomy":"post_tag","embeddable":true,"href":"https:\/\/elluchador.info\/index.php?rest_route=%2Fwp%2Fv2%2Ftags&post=233772"}],"curies":[{"name":"wp","href":"https:\/\/api.w.org\/{rel}","templated":true}]}}