{"id":233795,"date":"2022-12-19T10:09:10","date_gmt":"2022-12-19T14:09:10","guid":{"rendered":"https:\/\/elluchador.info\/web\/?p=233795"},"modified":"2022-12-19T10:09:10","modified_gmt":"2022-12-19T14:09:10","slug":"canciller-de-namibia-arriba-a-venezuela-para-visita-oficial","status":"publish","type":"post","link":"https:\/\/elluchador.info\/?p=233795","title":{"rendered":"Canciller de Namibia arriba a Venezuela para visita oficial"},"content":{"rendered":"<p>La viceprimera ministra y canciller de Namibia, Netumbo Nandi Ndaitwah, arrib\u00f3 este domingo a Venezuela para realizar una visita oficial con el prop\u00f3sito de fortalecer la cooperaci\u00f3n bilateral, inform\u00f3 una fuente oficial.<\/p>\n<p>El Ministerio de Relaciones Exteriores venezolano indic\u00f3 en un comunicado que la presencia de la funcionaria namibia se inscribe dentro de la prioridad estrat\u00e9gica que la gesti\u00f3n del presidente Nicol\u00e1s Maduro concede a las naciones de \u00c1frica. El vicecanciller venezolano para \u00c1frica, Yuri Pimentel, fue el encargado de la recepci\u00f3n de la viceprimera ministra en el Aeropuerto Internacional Sim\u00f3n Bol\u00edvar, agreg\u00f3 la nota de prensa.<\/p>\n<p>El mandatario venezolano concedi\u00f3 el 3 de marzo de 2021 a Nandi Ndaitwah la Orden Francisco de Miranda, en su Primera Clase, como reconocimiento a su lucha por la independencia de la naci\u00f3n surafricana. Nandi Ndaitwah se desempe\u00f1\u00f3 como viceministra de Asuntos Exteriores (1990-1996), ministra de Igualdad y Bienestar de la Infancia (2000-2005), de Informaci\u00f3n y Medios de Comunicaci\u00f3n (2005-2008) y de Medio Ambiente y Turismo (2008-2012).<\/p>\n<p>Venezuela y Namibia suscribieron un acuerdo el 22 de mayo de 1990 para concretar el establecimiento de relaciones diplom\u00e1ticas. A partir de esa fecha, han suscrito 11 mecanismos de cooperaci\u00f3n que abarcan las \u00e1reas de energ\u00eda, miner\u00eda, ciencia y cultura, anot\u00f3 el comunicado.<\/p>\n<p>Con informaci\u00f3n de www.globovision.com<\/p>\n","protected":false},"excerpt":{"rendered":"<p>La viceprimera ministra y canciller de Namibia, Netumbo Nandi Ndaitwah, arrib\u00f3 este domingo a Venezuela para realizar una visita oficial con el prop\u00f3sito de fortalecer la cooperaci\u00f3n bilateral, inform\u00f3 una fuente oficial. El Ministerio de Relaciones Exteriores venezolano indic\u00f3 en un comunicado que la presencia de la funcionaria namibia se inscribe dentro de la prioridad [&hellip;]<\/p>\n","protected":false},"author":19,"featured_media":233796,"comment_status":"closed","ping_status":"closed","sticky":false,"template":"","format":"standard","meta":{"footnotes":""},"categories":[8],"tags":[],"class_list":{"0":"post-233795","1":"post","2":"type-post","3":"status-publish","4":"format-standard","5":"has-post-thumbnail","7":"category-internacionales"},"_links":{"self":[{"href":"https:\/\/elluchador.info\/index.php?rest_route=\/wp\/v2\/posts\/233795","targetHints":{"allow":["GET"]}}],"collection":[{"href":"https:\/\/elluchador.info\/index.php?rest_route=\/wp\/v2\/posts"}],"about":[{"href":"https:\/\/elluchador.info\/index.php?rest_route=\/wp\/v2\/types\/post"}],"author":[{"embeddable":true,"href":"https:\/\/elluchador.info\/index.php?rest_route=\/wp\/v2\/users\/19"}],"replies":[{"embeddable":true,"href":"https:\/\/elluchador.info\/index.php?rest_route=%2Fwp%2Fv2%2Fcomments&post=233795"}],"version-history":[{"count":1,"href":"https:\/\/elluchador.info\/index.php?rest_route=\/wp\/v2\/posts\/233795\/revisions"}],"predecessor-version":[{"id":233797,"href":"https:\/\/elluchador.info\/index.php?rest_route=\/wp\/v2\/posts\/233795\/revisions\/233797"}],"wp:featuredmedia":[{"embeddable":true,"href":"https:\/\/elluchador.info\/index.php?rest_route=\/wp\/v2\/media\/233796"}],"wp:attachment":[{"href":"https:\/\/elluchador.info\/index.php?rest_route=%2Fwp%2Fv2%2Fmedia&parent=233795"}],"wp:term":[{"taxonomy":"category","embeddable":true,"href":"https:\/\/elluchador.info\/index.php?rest_route=%2Fwp%2Fv2%2Fcategories&post=233795"},{"taxonomy":"post_tag","embeddable":true,"href":"https:\/\/elluchador.info\/index.php?rest_route=%2Fwp%2Fv2%2Ftags&post=233795"}],"curies":[{"name":"wp","href":"https:\/\/api.w.org\/{rel}","templated":true}]}}