{"id":233832,"date":"2022-12-19T12:09:17","date_gmt":"2022-12-19T16:09:17","guid":{"rendered":"https:\/\/elluchador.info\/web\/?p=233832"},"modified":"2022-12-19T12:09:17","modified_gmt":"2022-12-19T16:09:17","slug":"karim-benzema-anuncia-el-final-de-su-carrera-en-la-seleccion-de-francia","status":"publish","type":"post","link":"https:\/\/elluchador.info\/?p=233832","title":{"rendered":"Karim Benzema anuncia el \u00abfinal\u00bb de su carrera en la selecci\u00f3n de Francia"},"content":{"rendered":"<p>El atacante Karim Benzema anunci\u00f3 este lunes el \u00abfinal\u00bb de su carrera en la selecci\u00f3n de Francia, en un mensaje publicado en Twitter, un d\u00eda despu\u00e9s de la final del Mundial de Catar 2022 perdida por su pa\u00eds ante Argentina.<\/p>\n<p>\u00abHe realizado los esfuerzos y he cometido los errores necesarios para estar donde estoy actualmente y estoy orgulloso de ello. He escrito mi historia y la nuestra finaliza\u00bb, escribi\u00f3 en Twitter el Bal\u00f3n de Oro de 2022, que cumple 35 a\u00f1os este lunes, acompa\u00f1ando su mensaje de una foto suya con la camiseta de la selecci\u00f3n de Francia.<\/p>\n<p>Con informaci\u00f3n de www.globovision.com<\/p>\n","protected":false},"excerpt":{"rendered":"<p>El atacante Karim Benzema anunci\u00f3 este lunes el \u00abfinal\u00bb de su carrera en la selecci\u00f3n de Francia, en un mensaje publicado en Twitter, un d\u00eda despu\u00e9s de la final del Mundial de Catar 2022 perdida por su pa\u00eds ante Argentina. \u00abHe realizado los esfuerzos y he cometido los errores necesarios para estar donde estoy actualmente [&hellip;]<\/p>\n","protected":false},"author":19,"featured_media":233833,"comment_status":"closed","ping_status":"closed","sticky":false,"template":"","format":"standard","meta":{"footnotes":""},"categories":[1,4],"tags":[],"class_list":{"0":"post-233832","1":"post","2":"type-post","3":"status-publish","4":"format-standard","5":"has-post-thumbnail","7":"category-deporte","8":"category-deportes"},"_links":{"self":[{"href":"https:\/\/elluchador.info\/index.php?rest_route=\/wp\/v2\/posts\/233832","targetHints":{"allow":["GET"]}}],"collection":[{"href":"https:\/\/elluchador.info\/index.php?rest_route=\/wp\/v2\/posts"}],"about":[{"href":"https:\/\/elluchador.info\/index.php?rest_route=\/wp\/v2\/types\/post"}],"author":[{"embeddable":true,"href":"https:\/\/elluchador.info\/index.php?rest_route=\/wp\/v2\/users\/19"}],"replies":[{"embeddable":true,"href":"https:\/\/elluchador.info\/index.php?rest_route=%2Fwp%2Fv2%2Fcomments&post=233832"}],"version-history":[{"count":1,"href":"https:\/\/elluchador.info\/index.php?rest_route=\/wp\/v2\/posts\/233832\/revisions"}],"predecessor-version":[{"id":233834,"href":"https:\/\/elluchador.info\/index.php?rest_route=\/wp\/v2\/posts\/233832\/revisions\/233834"}],"wp:featuredmedia":[{"embeddable":true,"href":"https:\/\/elluchador.info\/index.php?rest_route=\/wp\/v2\/media\/233833"}],"wp:attachment":[{"href":"https:\/\/elluchador.info\/index.php?rest_route=%2Fwp%2Fv2%2Fmedia&parent=233832"}],"wp:term":[{"taxonomy":"category","embeddable":true,"href":"https:\/\/elluchador.info\/index.php?rest_route=%2Fwp%2Fv2%2Fcategories&post=233832"},{"taxonomy":"post_tag","embeddable":true,"href":"https:\/\/elluchador.info\/index.php?rest_route=%2Fwp%2Fv2%2Ftags&post=233832"}],"curies":[{"name":"wp","href":"https:\/\/api.w.org\/{rel}","templated":true}]}}