{"id":233855,"date":"2022-12-19T14:09:37","date_gmt":"2022-12-19T18:09:37","guid":{"rendered":"https:\/\/elluchador.info\/web\/?p=233855"},"modified":"2022-12-19T14:09:37","modified_gmt":"2022-12-19T18:09:37","slug":"ministerio-de-educacion-realizara-cambios-de-cuentas-a-su-personal-administrativo","status":"publish","type":"post","link":"https:\/\/elluchador.info\/?p=233855","title":{"rendered":"Ministerio de Educaci\u00f3n realizar\u00e1 cambios de cuentas a su personal administrativo"},"content":{"rendered":"<p>El Ministerio de Educaci\u00f3n realizar\u00e1 el cambio de cuentas de ahorro a corriente de todo su personal administrativo.<\/p>\n<p>A trav\u00e9s de un comunicado publicado en redes sociales, la instituci\u00f3n explic\u00f3 que \u00aben alianza con el Banco de Venezuela y por el beneficio de los trabajadores realizaran ajustes de manera progresiva en la plataforma bancaria\u00bb.<\/p>\n<p>Asimismo, informaron que el cambio \u00abse har\u00e1 paulatinamente y no afecta la cancelaci\u00f3n del pago de n\u00f3mina\u00bb.<\/p>\n<p>Prev\u00e9 que el cambio sea efectivo para la primera quincena del mes de enero.<\/p>\n<p>Con informaci\u00f3n de www.eluniversal.com<\/p>\n","protected":false},"excerpt":{"rendered":"<p>El Ministerio de Educaci\u00f3n realizar\u00e1 el cambio de cuentas de ahorro a corriente de todo su personal administrativo. A trav\u00e9s de un comunicado publicado en redes sociales, la instituci\u00f3n explic\u00f3 que \u00aben alianza con el Banco de Venezuela y por el beneficio de los trabajadores realizaran ajustes de manera progresiva en la plataforma bancaria\u00bb. Asimismo, [&hellip;]<\/p>\n","protected":false},"author":19,"featured_media":233856,"comment_status":"closed","ping_status":"closed","sticky":false,"template":"","format":"standard","meta":{"footnotes":""},"categories":[9],"tags":[],"class_list":{"0":"post-233855","1":"post","2":"type-post","3":"status-publish","4":"format-standard","5":"has-post-thumbnail","7":"category-nacionales"},"_links":{"self":[{"href":"https:\/\/elluchador.info\/index.php?rest_route=\/wp\/v2\/posts\/233855","targetHints":{"allow":["GET"]}}],"collection":[{"href":"https:\/\/elluchador.info\/index.php?rest_route=\/wp\/v2\/posts"}],"about":[{"href":"https:\/\/elluchador.info\/index.php?rest_route=\/wp\/v2\/types\/post"}],"author":[{"embeddable":true,"href":"https:\/\/elluchador.info\/index.php?rest_route=\/wp\/v2\/users\/19"}],"replies":[{"embeddable":true,"href":"https:\/\/elluchador.info\/index.php?rest_route=%2Fwp%2Fv2%2Fcomments&post=233855"}],"version-history":[{"count":1,"href":"https:\/\/elluchador.info\/index.php?rest_route=\/wp\/v2\/posts\/233855\/revisions"}],"predecessor-version":[{"id":233857,"href":"https:\/\/elluchador.info\/index.php?rest_route=\/wp\/v2\/posts\/233855\/revisions\/233857"}],"wp:featuredmedia":[{"embeddable":true,"href":"https:\/\/elluchador.info\/index.php?rest_route=\/wp\/v2\/media\/233856"}],"wp:attachment":[{"href":"https:\/\/elluchador.info\/index.php?rest_route=%2Fwp%2Fv2%2Fmedia&parent=233855"}],"wp:term":[{"taxonomy":"category","embeddable":true,"href":"https:\/\/elluchador.info\/index.php?rest_route=%2Fwp%2Fv2%2Fcategories&post=233855"},{"taxonomy":"post_tag","embeddable":true,"href":"https:\/\/elluchador.info\/index.php?rest_route=%2Fwp%2Fv2%2Ftags&post=233855"}],"curies":[{"name":"wp","href":"https:\/\/api.w.org\/{rel}","templated":true}]}}