{"id":233885,"date":"2022-12-19T19:03:18","date_gmt":"2022-12-19T23:03:18","guid":{"rendered":"https:\/\/elluchador.info\/web\/?p=233885"},"modified":"2022-12-19T19:03:18","modified_gmt":"2022-12-19T23:03:18","slug":"paraguay-elige-proximos-candidatos-para-elecciones-presidenciales-2023","status":"publish","type":"post","link":"https:\/\/elluchador.info\/?p=233885","title":{"rendered":"Paraguay elige pr\u00f3ximos candidatos para elecciones presidenciales 2023"},"content":{"rendered":"<p>Unos 4,8 millones de votantes en Paraguay participar\u00e1n este domingo para elegir candidatos que se postular\u00e1n a los comicios presidenciales en 2023.<\/p>\n<p>De esas elecciones el pr\u00f3ximo a\u00f1o, saldr\u00e1 el nuevo presidente, su vicepresidente y otros cargos nacionales y regionales.<\/p>\n<p>A las 7:00 de la ma\u00f1ana (hora local) arranc\u00f3 la jornada con 1.140 locales de votaci\u00f3n en los 263 municipios de Paraguay.<\/p>\n<p>Seg\u00fan el Tribunal Superior de Justicia Electoral, tambi\u00e9n se dispondr\u00e1n de 78 mesas en pa\u00edses como Argentina, Espa\u00f1a y Estados Unidos.<\/p>\n<p>En total, participar\u00e1n de esta elecci\u00f3n 41 agrupaciones pol\u00edticas.<\/p>\n<p>El presidente del pa\u00eds, Mario Abdo Ben\u00edtez, inaugur\u00f3 la jornada al depositar su voto en una sede del Partido Colorado en Asunci\u00f3n.<\/p>\n<p>Los comicios internos tienen en este pa\u00eds un cariz de elecciones nacionales, ya que el gobernante Partido Colorado elegir\u00e1 a su dupla presidencial<\/p>\n<p>Este partido es el que tradicionalmente se considera favorito a quedarse con la jefatura del Ejecutivo.<\/p>\n<p>El Partido Colorado o Asociaci\u00f3n Nacional Republicana (ANR) estuvo en el poder desde 1943.<\/p>\n<p>Solo no lo lograron durante el periodo en el que gobernaron Fernando Lugo (2008-2012) y Federico Franco (2012-2013).<\/p>\n<p>La candidatura oficialista m\u00e1s popular es la de Arnaldo Wiens y Juan Manuel Brunetti, del movimiento Fuerza Rep\u00fablica, seg\u00fan encuestas.<\/p>\n<p>Los colorados definir\u00e1n tambi\u00e9n al jefe de la junta de Gobierno, o presidente del oficialismo.<\/p>\n<p>Por este cargo se enfrentan Abdo Ben\u00edtez y el exmandatario Horacio Cartes (2013-2018).<\/p>\n<p>Por la segunda mayor fuerza pol\u00edtica del pa\u00eds, la Concertaci\u00f3n Nacional, se postularon el diputado Sebasti\u00e1n Villarejo y Patricia Dos Santo.<\/p>\n<p>Tambi\u00e9n Efra\u00edn Alegre y Soledad N\u00fa\u00f1ez, por el movimiento FIL por la Patria, entre otros.<\/p>\n<h2>Cada candidato de Paraguay dio su punto de vista<\/h2>\n<p>En una conferencia de prensa previa a la apertura de las mesas, Wiens llam\u00f3 a los seguidores de su partido a mostrar su \u00abvocaci\u00f3n c\u00edvica\u00bb.<\/p>\n<p>Por su parte, Pe\u00f1a dijo que esta es una \u00abfecha clave\u00bb para la democracia en Paraguay, y principalmente para el futuro de \u00abtodos\u00bb.<\/p>\n<p>Consultado por periodistas, Cartes confi\u00f3 en que el pa\u00eds tendr\u00e1 una jornada c\u00edvica y baj\u00f3 el tono a la divisi\u00f3n.<\/p>\n<p>\u00abEl partido va mucho m\u00e1s all\u00e1 de Mario Abdo y Horacio Cartes\u00bb, coment\u00f3 el que fuese presidente del Paraguay.<\/p>\n<p>En la misma l\u00ednea se pronunci\u00f3, despu\u00e9s de su votaci\u00f3n, Abdo Ben\u00edtez, quien calific\u00f3 de \u00abespecial\u00bb este d\u00eda.<\/p>\n<p>El gobernante dijo a los periodistas que el Partido Colorado \u00abest\u00e1 muy por encima de las individualidades\u00bb y anticip\u00f3 una movilizaci\u00f3n que mostrar\u00e1 la \u00abfuerza\u00bb de esta organizaci\u00f3n pol\u00edtica.<\/p>\n<p><strong>\u00a0Agencia EFE<\/strong><\/p>\n","protected":false},"excerpt":{"rendered":"<p>Unos 4,8 millones de votantes en Paraguay participar\u00e1n este domingo para elegir candidatos que se postular\u00e1n a los comicios presidenciales en 2023. De esas elecciones el pr\u00f3ximo a\u00f1o, saldr\u00e1 el nuevo presidente, su vicepresidente y otros cargos nacionales y regionales. A las 7:00 de la ma\u00f1ana (hora local) arranc\u00f3 la jornada con 1.140 locales de [&hellip;]<\/p>\n","protected":false},"author":19,"featured_media":233886,"comment_status":"closed","ping_status":"closed","sticky":false,"template":"","format":"standard","meta":{"footnotes":""},"categories":[8],"tags":[],"class_list":{"0":"post-233885","1":"post","2":"type-post","3":"status-publish","4":"format-standard","5":"has-post-thumbnail","7":"category-internacionales"},"_links":{"self":[{"href":"https:\/\/elluchador.info\/index.php?rest_route=\/wp\/v2\/posts\/233885","targetHints":{"allow":["GET"]}}],"collection":[{"href":"https:\/\/elluchador.info\/index.php?rest_route=\/wp\/v2\/posts"}],"about":[{"href":"https:\/\/elluchador.info\/index.php?rest_route=\/wp\/v2\/types\/post"}],"author":[{"embeddable":true,"href":"https:\/\/elluchador.info\/index.php?rest_route=\/wp\/v2\/users\/19"}],"replies":[{"embeddable":true,"href":"https:\/\/elluchador.info\/index.php?rest_route=%2Fwp%2Fv2%2Fcomments&post=233885"}],"version-history":[{"count":1,"href":"https:\/\/elluchador.info\/index.php?rest_route=\/wp\/v2\/posts\/233885\/revisions"}],"predecessor-version":[{"id":233887,"href":"https:\/\/elluchador.info\/index.php?rest_route=\/wp\/v2\/posts\/233885\/revisions\/233887"}],"wp:featuredmedia":[{"embeddable":true,"href":"https:\/\/elluchador.info\/index.php?rest_route=\/wp\/v2\/media\/233886"}],"wp:attachment":[{"href":"https:\/\/elluchador.info\/index.php?rest_route=%2Fwp%2Fv2%2Fmedia&parent=233885"}],"wp:term":[{"taxonomy":"category","embeddable":true,"href":"https:\/\/elluchador.info\/index.php?rest_route=%2Fwp%2Fv2%2Fcategories&post=233885"},{"taxonomy":"post_tag","embeddable":true,"href":"https:\/\/elluchador.info\/index.php?rest_route=%2Fwp%2Fv2%2Ftags&post=233885"}],"curies":[{"name":"wp","href":"https:\/\/api.w.org\/{rel}","templated":true}]}}