{"id":233955,"date":"2022-12-20T14:19:23","date_gmt":"2022-12-20T18:19:23","guid":{"rendered":"https:\/\/elluchador.info\/web\/?p=233955"},"modified":"2022-12-20T14:19:23","modified_gmt":"2022-12-20T18:19:23","slug":"guillermo-lasso-buscara-la-reeleccion-como-presidente-de-ecuador","status":"publish","type":"post","link":"https:\/\/elluchador.info\/?p=233955","title":{"rendered":"Guillermo Lasso buscar\u00e1 la reelecci\u00f3n como presidente de Ecuador"},"content":{"rendered":"<p>El presidente de Ecuador, Guillermo Lasso, anunci\u00f3 este martes durante una charla en Washington que buscar\u00e1 su reelecci\u00f3n en 2025 para un segundo mandato.<\/p>\n<p>\u00abLa Constituci\u00f3n del Ecuador permite la reelecci\u00f3n por una sola vez, eso ser\u00e1 en el 2025, y al menos en Washington uno se envalentona un poco y puedo decirles que no voy a escabullir esa responsabilidad\u00bb, dijo en un conservatorio en el laboratorio de ideas Inter-American Dialogue.<\/p>\n<p>El mandatario ecuatoriano, de 67 a\u00f1os, detall\u00f3 que quiere un segundo mandato para \u00abseguir en materia econ\u00f3mica con pol\u00edticas virtuosas que requiere el Ecuador, en materia pol\u00edtica con m\u00e1s democracia y en materia social con a\u00fan mayor inversi\u00f3n\u00bb.<\/p>\n<p>Lasso, presidente desde 2021, dijo que bajo su Gobierno la econom\u00eda \u00abest\u00e1 en muy buena salud\u00bb y que su principal preocupaci\u00f3n es \u00abla seguridad interna\u00bb.<\/p>\n<p>Explic\u00f3 que la lucha contra el narcotr\u00e1fico \u00abno es f\u00e1cil\u00bb, pero presumi\u00f3 de haber incautado 300 toneladas de droga, unas cifras muy superiores a las de los anteriores Gobiernos, dijo.<\/p>\n<p>Afirm\u00f3 que el crimen organizado ha respondido a esa pol\u00edtica con \u00abviolencia en las c\u00e1rceles y violencia en las calles\u00bb, pero sostuvo que su Gobierno lo ha afrontado exitosamente con las Fuerzas Armadas y la Polic\u00eda Nacional.<\/p>\n<p>Con informaci\u00f3n de unionradio.net<\/p>\n","protected":false},"excerpt":{"rendered":"<p>El presidente de Ecuador, Guillermo Lasso, anunci\u00f3 este martes durante una charla en Washington que buscar\u00e1 su reelecci\u00f3n en 2025 para un segundo mandato. \u00abLa Constituci\u00f3n del Ecuador permite la reelecci\u00f3n por una sola vez, eso ser\u00e1 en el 2025, y al menos en Washington uno se envalentona un poco y puedo decirles que no [&hellip;]<\/p>\n","protected":false},"author":19,"featured_media":233956,"comment_status":"closed","ping_status":"closed","sticky":false,"template":"","format":"standard","meta":{"footnotes":""},"categories":[8],"tags":[],"class_list":{"0":"post-233955","1":"post","2":"type-post","3":"status-publish","4":"format-standard","5":"has-post-thumbnail","7":"category-internacionales"},"_links":{"self":[{"href":"https:\/\/elluchador.info\/index.php?rest_route=\/wp\/v2\/posts\/233955","targetHints":{"allow":["GET"]}}],"collection":[{"href":"https:\/\/elluchador.info\/index.php?rest_route=\/wp\/v2\/posts"}],"about":[{"href":"https:\/\/elluchador.info\/index.php?rest_route=\/wp\/v2\/types\/post"}],"author":[{"embeddable":true,"href":"https:\/\/elluchador.info\/index.php?rest_route=\/wp\/v2\/users\/19"}],"replies":[{"embeddable":true,"href":"https:\/\/elluchador.info\/index.php?rest_route=%2Fwp%2Fv2%2Fcomments&post=233955"}],"version-history":[{"count":1,"href":"https:\/\/elluchador.info\/index.php?rest_route=\/wp\/v2\/posts\/233955\/revisions"}],"predecessor-version":[{"id":233957,"href":"https:\/\/elluchador.info\/index.php?rest_route=\/wp\/v2\/posts\/233955\/revisions\/233957"}],"wp:featuredmedia":[{"embeddable":true,"href":"https:\/\/elluchador.info\/index.php?rest_route=\/wp\/v2\/media\/233956"}],"wp:attachment":[{"href":"https:\/\/elluchador.info\/index.php?rest_route=%2Fwp%2Fv2%2Fmedia&parent=233955"}],"wp:term":[{"taxonomy":"category","embeddable":true,"href":"https:\/\/elluchador.info\/index.php?rest_route=%2Fwp%2Fv2%2Fcategories&post=233955"},{"taxonomy":"post_tag","embeddable":true,"href":"https:\/\/elluchador.info\/index.php?rest_route=%2Fwp%2Fv2%2Ftags&post=233955"}],"curies":[{"name":"wp","href":"https:\/\/api.w.org\/{rel}","templated":true}]}}