{"id":233977,"date":"2022-12-20T16:23:45","date_gmt":"2022-12-20T20:23:45","guid":{"rendered":"https:\/\/elluchador.info\/web\/?p=233977"},"modified":"2022-12-20T16:23:45","modified_gmt":"2022-12-20T20:23:45","slug":"conoce-las-claves-de-la-apendicitis","status":"publish","type":"post","link":"https:\/\/elluchador.info\/?p=233977","title":{"rendered":"\u00a1Conoce las claves de la apendicitis!"},"content":{"rendered":"<p>La\u00a0apendicitis, siendo una patolog\u00eda tan sumamente com\u00fan, sigue siendo una gran\u00a0desconocida\u00a0en muchos sentidos: \u00bf<em>Cu\u00e1les son las claves que definen al ap\u00e9ndice?\u00bfPara qu\u00e9 sirve?\u00bfPuedes ser m\u00e1s propenso a padecer apendicitis?<\/em><\/p>\n<p>EFEsalud cuenta con la doctora\u00a0In\u00e9s Rubio, secretaria general de la Asociaci\u00f3n Espa\u00f1ola de Cirujanos (AEC), para arrojar luz sobre este problema m\u00e9dico.<\/p>\n<h2 class=\"wp-block-heading\">Te presentamos el ap\u00e9ndice<\/h2>\n<p>Para hablar sobre la apendicitis es crucial empezar por el \u00f3rgano en el que se produce esta afecci\u00f3n.<\/p>\n<p>El ap\u00e9ndice es una estructura tubular que depende del\u00a0ciego\u00a0(punto de uni\u00f3n entre el intestino delgado y el grueso), situado en el\u00a0cuadrante inferior derecho del abdomen.<\/p>\n<article id=\"post-295858\" class=\"post-295858 post type-post status-publish format-standard has-post-thumbnail hentry category-enfermedades category-noticias-principales tag-pacientes tag-sintomas tag-urgencias fuentes-asociacion-espanola-de-cirujanos\">\n<div class=\"bsingle__post mb-50\">\n<div class=\"bsingle__content\">\n<p>La doctora Rubio se\u00f1ala algunas de las claves para entender este peque\u00f1o \u00f3rgano:<\/p>\n<ul>\n<li><strong>Se trata de<\/strong>\u00a0<strong>un \u00f3rgano vestigial<\/strong>: es decir, viene de nuestro\u00a0<em>desarrollo<\/em>, aunque se desconoce su funci\u00f3n.<\/li>\n<li><strong>Tama\u00f1o variable<\/strong>. Aunque en un adulto medio su tama\u00f1o ronda en torno a los\u00a0<strong>nueve cent\u00edmetros<\/strong>, lo cierto es que puede variar entre los cinco y los treinta cent\u00edmetros.<\/li>\n<li><strong>Con punta m\u00f3vil<\/strong>. La punta del ap\u00e9ndice puede encontrarse en diversas localizaciones y en funci\u00f3n de hacia d\u00f3nde apunte su inflamaci\u00f3n puede presentar una sintomatolog\u00eda u otra.<\/li>\n<\/ul>\n<p>&nbsp;<\/p>\n<h3 class=\"wp-block-heading\">Por tanto, la apendicitis es\u2026<\/h3>\n<p>Una vez definido y situado el \u00f3rgano donde se origina, podemos profundizar en el concepto de apendicitis, patolog\u00eda que se da en caso de\u00a0<strong>inflamaci\u00f3n\u00a0<\/strong>del propio ap\u00e9ndice.<\/p>\n<p>Porque este peque\u00f1o tubo, cuando se inflama, acaba por\u00a0<strong>obstruirse<\/strong>. Esta obstrucci\u00f3n, seg\u00fan la experta, puede deberse a:<\/p>\n<ul>\n<li><strong>Producci\u00f3n de moco<\/strong>, el mismo moco que se origina con normalidad en el intestino.<\/li>\n<li><strong>Un cuerpo extra\u00f1o<\/strong>.<\/li>\n<li><strong>Acumulaci\u00f3n de heces<\/strong>, llamado fecalito.<\/li>\n<\/ul>\n<blockquote class=\"wp-block-quote\"><p>\u201cComo es una estructura estrecha, se acumula moco y gas y esto eleva la presi\u00f3n, disminuye el riego y hace que se pueda producir un taponado, que en ocasiones acaba por convertirse en una perforaci\u00f3n\u201d, explica la cirujana.<\/p><\/blockquote>\n<p>Ese \u201c<em>taponado<\/em>\u201d del que habla la doctora Rubio es lo que da lugar a una\u00a0<strong>infecci\u00f3n<\/strong>, que a su vez, en caso de que progrese, puede\u00a0<strong>perforar\u00a0<\/strong>el ap\u00e9ndice, es decir, romperlo. Si esto pasara, nos encontrar\u00edamos ante una\u00a0<strong><a href=\"https:\/\/efesalud.com\/dialisis-peritoneal-una-alternativa\/\" data-wpel-link=\"internal\">peritonitis<\/a><\/strong>, un cuadro todav\u00eda m\u00e1s grave por un proceso inflamatorio e infeccioso.<\/p>\n<h3 class=\"wp-block-heading\">\u00bfCu\u00e1l es su funci\u00f3n?<\/h3>\n<p>De una forma u otra, la cuesti\u00f3n que siempre se plantea cuando se habla del ap\u00e9ndice no es otra sino la de su\u00a0<strong>funci\u00f3n<\/strong>. Y, aunque nos resulte llamativo, todav\u00eda\u00a0<strong>no existe un consenso<\/strong>\u00a0en este sentido.<\/p>\n<p>Hay varias teor\u00edas al respecto:<\/p>\n<ul>\n<li><strong>Funci\u00f3n en la inmunidad<\/strong>. En la submucosa tiene tejido linf\u00e1tico, relacionado con las defensas, por lo que se cree que tiene funci\u00f3n en nuestro sistema inmunitario.<\/li>\n<li><strong>Reservorio para \u201cbuenas bacterias\u201d<\/strong>: un dep\u00f3sito para bacterias beneficiosos para el intestino y para la flora intestinal.<\/li>\n<\/ul>\n<p>Lo que s\u00ed se sabe a ciencia cierta es que su extirpaci\u00f3n no presenta secuelas. Es m\u00e1s,\u00a0<strong>hay quien nace sin ap\u00e9ndice<\/strong>.<\/p>\n<blockquote class=\"wp-block-quote\"><p>\u201cExisten casos de\u00a0<em>agenesia apendicular<\/em>, es decir, que no tienen ap\u00e9ndice, pero son pocos. Hay mucha variabilidad. Hay gente que tiene dos ap\u00e9ndices incluso\u201d, apunta la doctora Rubio.<\/p><\/blockquote>\n<p>La idea que recalca la experta es que es que no se ha demostrado de manera concluyente que la extirpaci\u00f3n del ap\u00e9ndice tenga secuela adversa alguna sobre el paciente.<\/p>\n<h2 class=\"wp-block-heading\">No siempre se presenta de la misma forma<\/h2>\n<p>M\u00e1s all\u00e1 de su funci\u00f3n y definici\u00f3n, debemos hablar de la\u00a0<em>sintomatolog\u00eda\u00a0<\/em>con la que se asocia la inflamaci\u00f3n del ap\u00e9ndice.<\/p>\n<h3 class=\"wp-block-heading\">S\u00edntomas cl\u00e1sicos<\/h3>\n<p>Y es que, pese a que se trate de una patolog\u00eda m\u00e1s que frecuente, durante las primeras horas la apendicitis puede confundirse con diversos cuadros cl\u00ednicos, principalmente porque sus s\u00edntomas claves son muy generales.<\/p>\n<p>Distinguimos\u00a0<strong>los m\u00e1s comunes<\/strong>:<\/p>\n<ul>\n<li>Malestar general<\/li>\n<li>Molestias generales<\/li>\n<li>Dolor que empieza en el ombligo y progresa al lado inferior derecho del abdomen<\/li>\n<li>V\u00f3mitos<\/li>\n<li>Nauseas<\/li>\n<li>P\u00e9rdida de apetito<\/li>\n<li>Fiebre inferior a 38.5\u00baC.<\/li>\n<\/ul>\n<p>Esta es la sintomatolog\u00eda que se da en, aproximadamente, la mitad de los pacientes.<\/p>\n<h3 class=\"wp-block-heading\">S\u00edntomas en funci\u00f3n de su localizaci\u00f3n<\/h3>\n<p>Pero, cuidado, porque la l<strong>ocalizaci\u00f3n del ap\u00e9ndice<\/strong>\u00a0es un factor de vital importancia. En funci\u00f3n de su situaci\u00f3n, los s\u00edntomas de la apendicitis variar\u00e1n, por lo que se deber\u00e1 tener en cuenta las siguientes claves:<\/p>\n<p><strong>Si el ap\u00e9ndice apunta hacia\u2026<\/strong><\/p>\n<ul>\n<li><strong>Atr\u00e1s<\/strong>: puede presentarse como dolor de espalda, dorsal o lumbar.<\/li>\n<li><strong>Hacia la pelvis<\/strong>: el dolor se dar\u00e1 en la zona del pubis.<\/li>\n<\/ul>\n<p>&nbsp;<\/p>\n<p>Dicho esto, la experta asegura que aunque en ciertas ocasiones nunca se lleguen a dar los s\u00edntomas m\u00e1s comunes, a lo largo de las horas\u00a0<strong>el cuadro comienza a dar la cara.<\/strong>\u00a0El problema es que esto es una urgencia y el tiempo con el que se cuenta es crucial.<\/p>\n<h2 class=\"wp-block-heading\">Factores diferenciales<\/h2>\n<p>Se estima que alrededor del<strong>\u00a06% y el 7% de la poblaci\u00f3n<\/strong>\u00a0padecer\u00e1 apendicitis a lo largo de su vida, pero \u00bfSe puede ser m\u00e1s propenso a padecerla? \u00bfEs la edad o el sexo determinante en ello?<\/p>\n<h3 class=\"wp-block-heading\">Edad<\/h3>\n<p>In\u00e9s Rubio explica que aunque pueda presentarse a cualquier edad, es m\u00e1s o menos frecuente seg\u00fan las etapas.<\/p>\n<ul>\n<li>Es<strong>\u00a0poco frecuente<\/strong>\u00a0en<strong>\u00a0menores de dos a\u00f1os<\/strong>.<\/li>\n<li>El\u00a0<strong>pico m\u00e1ximo<\/strong>\u00a0se encuentra en el rango de edad entre los\u00a0<strong>diez y los treinta a\u00f1os<\/strong>, supuesto en el que se opera al mayor n\u00famero de pacientes.<\/li>\n<\/ul>\n<h3 class=\"wp-block-heading\">Sexo<\/h3>\n<p>En lo referente al sexo, las estad\u00edsticas se\u00f1alan (aunque de forma muy sutil) que hay una menor incidencia en el caso de las mujeres: en torno al\u00a0<strong>6% en mujeres<\/strong>\u00a0y el\u00a0<strong>8% en hombres<\/strong>. Pero, en realidad, no hay evidencias claras sobre la existencia de un factor hormonal determinante en lo referente a la patolog\u00eda.<\/p>\n<p>Lo que s\u00ed se sabe es que se trata de la urgencia no relacionada con la gestaci\u00f3n en s\u00ed m\u00e1s frecuente durante el embarazo, d\u00e1ndose en el 50% de los casos durante el\u00a0segundo trimestre.<\/p>\n<h2 class=\"wp-block-heading\">\u00bfEs la dieta una de las claves para prevenir la apendicitis?<\/h2>\n<blockquote class=\"wp-block-quote\"><p>\u201cOjal\u00e1 pudi\u00e9semos porque eso ahorrar\u00eda muchas cirug\u00edas y visitas a urgencias\u201d, considera la doctora Rubio.<\/p><\/blockquote>\n<p>Los casos de apendicitis son mucho m\u00e1s frecuentes en pa\u00edses occidentales, por lo que se ha intentado investigar si los\u00a0<strong>h\u00e1bitos\u00a0<\/strong>y el tipo de\u00a0<strong>dieta\u00a0<\/strong>(alta en grasa, baja en fibra) ligados a este tipo de vida son influyentes en este sentido.<\/p>\n<p>Lo que se ha sacado en claro es que una dieta variada, con\u00a0<strong>mucha fibra y fruta<\/strong>, puede reducir las posibilidades de padecer la patolog\u00eda, aunque no hay manera de prevenirla.<\/p>\n<h2 class=\"wp-block-heading\">Parece apendicitis\u2026\u00bfQu\u00e9 hago?<\/h2>\n<p>In\u00e9s Rubio, en calidad de portavoz de la\u00a0Asociaci\u00f3n Espa\u00f1ola de Cirujanos, facilita claves para abordar la apendicitis desde el principio:<\/p>\n<ul>\n<li>Si el dolor abdominal\u00a0<strong>no cede en seis horas\u00a0<\/strong>y no se alivia con\u00a0<strong>analgesia suave<\/strong>\u00a0(paracetamol), cambia de\u00a0<strong>localizaci\u00f3n\u00a0<\/strong>o aparece\u00a0<strong>fiebre<\/strong>, debemos acudir a urgencias.<\/li>\n<li><strong>Procurar no tomar medicaci\u00f3n<\/strong>, para no enmascarar s\u00edntomas. Evitar a toda costa la automedicaci\u00f3n, m\u00e1s a\u00fan si cabe en el caso de los antibi\u00f3ticos.<\/li>\n<\/ul>\n<p>Estas dos ideas deben estar siempre presentes a la hora de abordar la apendicitis desde casa.<\/p>\n<p>Despu\u00e9s de todo, tal y como se\u00f1ala la experta, esta patolog\u00eda sigue siendo la causa m\u00e1s frecuente de intervenci\u00f3n quir\u00fargica de urgencia, adem\u00e1s de contar con una incidencia estable en el tiempo. Conocer la apendicitis m\u00e1s de cerca y saber\u00a0<strong>las claves para actuar en caso de sospecha<\/strong>\u00a0puede suponer una gran diferencia para el paciente.<\/p>\n<p>EFE SALUD<\/p>\n<\/div>\n<\/div>\n<\/article>\n<div class=\"tags pb-50\">\n<div class=\"row\">\n<div class=\"col-md-12 col-sm-12\">\n<div class=\"post__tag\"><\/div>\n<\/div>\n<\/div>\n<\/div>\n","protected":false},"excerpt":{"rendered":"<p>La\u00a0apendicitis, siendo una patolog\u00eda tan sumamente com\u00fan, sigue siendo una gran\u00a0desconocida\u00a0en muchos sentidos: \u00bfCu\u00e1les son las claves que definen al ap\u00e9ndice?\u00bfPara qu\u00e9 sirve?\u00bfPuedes ser m\u00e1s propenso a padecer apendicitis? EFEsalud cuenta con la doctora\u00a0In\u00e9s Rubio, secretaria general de la Asociaci\u00f3n Espa\u00f1ola de Cirujanos (AEC), para arrojar luz sobre este problema m\u00e9dico. Te presentamos el ap\u00e9ndice [&hellip;]<\/p>\n","protected":false},"author":19,"featured_media":233978,"comment_status":"closed","ping_status":"closed","sticky":false,"template":"","format":"standard","meta":{"footnotes":""},"categories":[19],"tags":[],"class_list":{"0":"post-233977","1":"post","2":"type-post","3":"status-publish","4":"format-standard","5":"has-post-thumbnail","7":"category-salud"},"_links":{"self":[{"href":"https:\/\/elluchador.info\/index.php?rest_route=\/wp\/v2\/posts\/233977","targetHints":{"allow":["GET"]}}],"collection":[{"href":"https:\/\/elluchador.info\/index.php?rest_route=\/wp\/v2\/posts"}],"about":[{"href":"https:\/\/elluchador.info\/index.php?rest_route=\/wp\/v2\/types\/post"}],"author":[{"embeddable":true,"href":"https:\/\/elluchador.info\/index.php?rest_route=\/wp\/v2\/users\/19"}],"replies":[{"embeddable":true,"href":"https:\/\/elluchador.info\/index.php?rest_route=%2Fwp%2Fv2%2Fcomments&post=233977"}],"version-history":[{"count":1,"href":"https:\/\/elluchador.info\/index.php?rest_route=\/wp\/v2\/posts\/233977\/revisions"}],"predecessor-version":[{"id":233979,"href":"https:\/\/elluchador.info\/index.php?rest_route=\/wp\/v2\/posts\/233977\/revisions\/233979"}],"wp:featuredmedia":[{"embeddable":true,"href":"https:\/\/elluchador.info\/index.php?rest_route=\/wp\/v2\/media\/233978"}],"wp:attachment":[{"href":"https:\/\/elluchador.info\/index.php?rest_route=%2Fwp%2Fv2%2Fmedia&parent=233977"}],"wp:term":[{"taxonomy":"category","embeddable":true,"href":"https:\/\/elluchador.info\/index.php?rest_route=%2Fwp%2Fv2%2Fcategories&post=233977"},{"taxonomy":"post_tag","embeddable":true,"href":"https:\/\/elluchador.info\/index.php?rest_route=%2Fwp%2Fv2%2Ftags&post=233977"}],"curies":[{"name":"wp","href":"https:\/\/api.w.org\/{rel}","templated":true}]}}