{"id":234051,"date":"2022-12-21T10:39:28","date_gmt":"2022-12-21T14:39:28","guid":{"rendered":"https:\/\/elluchador.info\/web\/?p=234051"},"modified":"2022-12-21T10:39:28","modified_gmt":"2022-12-21T14:39:28","slug":"union-europea-se-encamina-hacia-la-recesion-en-primer-trimestre-de-2023","status":"publish","type":"post","link":"https:\/\/elluchador.info\/?p=234051","title":{"rendered":"Uni\u00f3n Europea se encamina hacia la recesi\u00f3n en primer trimestre de 2023"},"content":{"rendered":"<p>La econom\u00eda europea se encamina a una recesi\u00f3n en los primeros meses de 2023 empujada por una inflaci\u00f3n galopante, el impacto de unos costes energ\u00e9ticos desorbitados y las subidas de tasas decretadas por el Banco Central Europeo para aliviar los precios.<\/p>\n<p>Tras una primera mitad de 2022 mejor de lo esperado por la reactivaci\u00f3n tras la pandemia de coronavirus, el impacto de la guerra rusa contra Ucrania, que ha encarecido a\u00fan m\u00e1s la energ\u00eda y las materias primeras, favoreci\u00f3 en el tercer trimestre un frenazo del PIB que, si bien fue menor del esperado, se agravar\u00e1 hasta llevar a la recesi\u00f3n t\u00e9cnica en el primer trimestre de 2023, seg\u00fan las previsiones de la Comisi\u00f3n Europea.<\/p>\n<p>M\u00e1s all\u00e1 de la contracci\u00f3n del 0,1% del PIB que vaticina Bruselas al inicio de a\u00f1o, el principal reto para el bloque es una inflaci\u00f3n que ha alcanzado niveles r\u00e9cord, superando el 10 % en noviembre en la eurozona, afecta ya a toda la cesta de la compra y solo tiene visos de moderarse a lo largo del pr\u00f3ximo ejercicio.<\/p>\n<p>En los pr\u00f3ximos meses, ha reconocido el Eurogrupo, se tratar\u00e1 de adoptar acciones temporales y m\u00e1s enfocadas en los hogares y empresas vulnerables para apoyarles, pero sin desincentivar la reducci\u00f3n de la demanda energ\u00e9tica o hacer descarrilar unas finanzas p\u00fablicas ya deterioradas a ra\u00edz de la pandemia.<\/p>\n<p>\u00abSi estas medidas se prolongan para todo 2023, esto agravar\u00eda el d\u00e9ficit en un 2% en general entre los Estados miembros, as\u00ed que lo que estamos pidiendo es hacerlas m\u00e1s espec\u00edficas y no solo prolongar lo que ya est\u00e1\u00bb, dijo hace unos d\u00edas en la Euroc\u00e1mara el comisario de Econom\u00eda, Paolo Gentiloni, recordando que Bruselas sugiere un sistema dual en el que se subvencione una parte del consumo energ\u00e9tico y el resto se pague a precio de mercado.<\/p>\n<p>Las dificultades econ\u00f3micas que atraviesa la UE est\u00e1n en gran medida marcadas por el pulso energ\u00e9tico con Rusia, que desde la invasi\u00f3n de Ucrania ha ido limitando o cortando el bombeo de gas al club comunitario mientras Bruselas acusa a Mosc\u00fa de manipular los precios y utilizar la energ\u00eda como \u00abarma de guerra\u00bb.<\/p>\n<p>Con informaci\u00f3n de Finanzas Digital.<\/p>\n","protected":false},"excerpt":{"rendered":"<p>La econom\u00eda europea se encamina a una recesi\u00f3n en los primeros meses de 2023 empujada por una inflaci\u00f3n galopante, el impacto de unos costes energ\u00e9ticos desorbitados y las subidas de tasas decretadas por el Banco Central Europeo para aliviar los precios. Tras una primera mitad de 2022 mejor de lo esperado por la reactivaci\u00f3n tras [&hellip;]<\/p>\n","protected":false},"author":19,"featured_media":234052,"comment_status":"closed","ping_status":"closed","sticky":false,"template":"","format":"standard","meta":{"footnotes":""},"categories":[8],"tags":[],"class_list":{"0":"post-234051","1":"post","2":"type-post","3":"status-publish","4":"format-standard","5":"has-post-thumbnail","7":"category-internacionales"},"_links":{"self":[{"href":"https:\/\/elluchador.info\/index.php?rest_route=\/wp\/v2\/posts\/234051","targetHints":{"allow":["GET"]}}],"collection":[{"href":"https:\/\/elluchador.info\/index.php?rest_route=\/wp\/v2\/posts"}],"about":[{"href":"https:\/\/elluchador.info\/index.php?rest_route=\/wp\/v2\/types\/post"}],"author":[{"embeddable":true,"href":"https:\/\/elluchador.info\/index.php?rest_route=\/wp\/v2\/users\/19"}],"replies":[{"embeddable":true,"href":"https:\/\/elluchador.info\/index.php?rest_route=%2Fwp%2Fv2%2Fcomments&post=234051"}],"version-history":[{"count":1,"href":"https:\/\/elluchador.info\/index.php?rest_route=\/wp\/v2\/posts\/234051\/revisions"}],"predecessor-version":[{"id":234053,"href":"https:\/\/elluchador.info\/index.php?rest_route=\/wp\/v2\/posts\/234051\/revisions\/234053"}],"wp:featuredmedia":[{"embeddable":true,"href":"https:\/\/elluchador.info\/index.php?rest_route=\/wp\/v2\/media\/234052"}],"wp:attachment":[{"href":"https:\/\/elluchador.info\/index.php?rest_route=%2Fwp%2Fv2%2Fmedia&parent=234051"}],"wp:term":[{"taxonomy":"category","embeddable":true,"href":"https:\/\/elluchador.info\/index.php?rest_route=%2Fwp%2Fv2%2Fcategories&post=234051"},{"taxonomy":"post_tag","embeddable":true,"href":"https:\/\/elluchador.info\/index.php?rest_route=%2Fwp%2Fv2%2Ftags&post=234051"}],"curies":[{"name":"wp","href":"https:\/\/api.w.org\/{rel}","templated":true}]}}