{"id":234057,"date":"2022-12-21T12:10:21","date_gmt":"2022-12-21T16:10:21","guid":{"rendered":"https:\/\/elluchador.info\/web\/?p=234057"},"modified":"2022-12-21T12:10:21","modified_gmt":"2022-12-21T16:10:21","slug":"reinauguran-aeropuerto-arturo-michelena-en-carabobo","status":"publish","type":"post","link":"https:\/\/elluchador.info\/?p=234057","title":{"rendered":"Reinauguran Aeropuerto Arturo Michelena en Carabobo"},"content":{"rendered":"<p>El gobernador del estado Carabobo, Rafael Lacava, reacondicion\u00f3 el Aeropuerto Arturo Michelena, en Valencia, para el confort y seguridad de los usuarios.<\/p>\n<p>Asimismo, el mandatario regional destac\u00f3 que el objetivo es convertir al terminal en uno de los puertos a\u00e9reos m\u00e1s importantes del pa\u00eds.<\/p>\n<p>Del mismo modo, resalt\u00f3 que los aeropuertos nacional e internacional fueron rehabilitados cumpliendo las exigencias de los est\u00e1ndares de primera para la \u00f3ptima atenci\u00f3n de los pasajeros.<\/p>\n<p>\u201cYa tenemos el aeropuerto Arturo Michelena de Valencia al 100%, con sus dos terminales tanto nacional como internacional totalmente remodelados y acordes con las exigencias de los pasajeros que salen o llegan a este Aeropuerto\u201d, escribi\u00f3 Lacava en su cuenta de Twitter.<\/p>\n<p>Lacava explic\u00f3 que fue ampliada la sala de embarque, chequeo y prechequeo de equipaje; adem\u00e1s, los emprendedores carabobe\u00f1os construyeron un bodeg\u00f3n y la construcci\u00f3n de un sal\u00f3n VIP, sala infantil, interacci\u00f3n y recarga de tel\u00e9fonos con wifi gratuito.<\/p>\n<p>\u201cValencia ya cuenta con un terminal Nacional de primer mundo totalmente renovado y con servicios de punta. Estoy muy contento porque los pasajeros que usan las rutas nacionales ahora podr\u00e1n viajar bien atendidos\u201d, agreg\u00f3.<\/p>\n<p>Con informaci\u00f3n de www.vtv.gob.ve y @rafaellacava10<\/p>\n","protected":false},"excerpt":{"rendered":"<p>El gobernador del estado Carabobo, Rafael Lacava, reacondicion\u00f3 el Aeropuerto Arturo Michelena, en Valencia, para el confort y seguridad de los usuarios. Asimismo, el mandatario regional destac\u00f3 que el objetivo es convertir al terminal en uno de los puertos a\u00e9reos m\u00e1s importantes del pa\u00eds. Del mismo modo, resalt\u00f3 que los aeropuertos nacional e internacional fueron [&hellip;]<\/p>\n","protected":false},"author":19,"featured_media":234058,"comment_status":"closed","ping_status":"closed","sticky":false,"template":"","format":"standard","meta":{"footnotes":""},"categories":[9],"tags":[],"class_list":{"0":"post-234057","1":"post","2":"type-post","3":"status-publish","4":"format-standard","5":"has-post-thumbnail","7":"category-nacionales"},"_links":{"self":[{"href":"https:\/\/elluchador.info\/index.php?rest_route=\/wp\/v2\/posts\/234057","targetHints":{"allow":["GET"]}}],"collection":[{"href":"https:\/\/elluchador.info\/index.php?rest_route=\/wp\/v2\/posts"}],"about":[{"href":"https:\/\/elluchador.info\/index.php?rest_route=\/wp\/v2\/types\/post"}],"author":[{"embeddable":true,"href":"https:\/\/elluchador.info\/index.php?rest_route=\/wp\/v2\/users\/19"}],"replies":[{"embeddable":true,"href":"https:\/\/elluchador.info\/index.php?rest_route=%2Fwp%2Fv2%2Fcomments&post=234057"}],"version-history":[{"count":1,"href":"https:\/\/elluchador.info\/index.php?rest_route=\/wp\/v2\/posts\/234057\/revisions"}],"predecessor-version":[{"id":234059,"href":"https:\/\/elluchador.info\/index.php?rest_route=\/wp\/v2\/posts\/234057\/revisions\/234059"}],"wp:featuredmedia":[{"embeddable":true,"href":"https:\/\/elluchador.info\/index.php?rest_route=\/wp\/v2\/media\/234058"}],"wp:attachment":[{"href":"https:\/\/elluchador.info\/index.php?rest_route=%2Fwp%2Fv2%2Fmedia&parent=234057"}],"wp:term":[{"taxonomy":"category","embeddable":true,"href":"https:\/\/elluchador.info\/index.php?rest_route=%2Fwp%2Fv2%2Fcategories&post=234057"},{"taxonomy":"post_tag","embeddable":true,"href":"https:\/\/elluchador.info\/index.php?rest_route=%2Fwp%2Fv2%2Ftags&post=234057"}],"curies":[{"name":"wp","href":"https:\/\/api.w.org\/{rel}","templated":true}]}}