{"id":234065,"date":"2022-12-21T12:32:00","date_gmt":"2022-12-21T16:32:00","guid":{"rendered":"https:\/\/elluchador.info\/web\/?p=234065"},"modified":"2022-12-21T12:32:00","modified_gmt":"2022-12-21T16:32:00","slug":"familia-de-castillo-parte-a-mexico-como-asilados-politicos","status":"publish","type":"post","link":"https:\/\/elluchador.info\/?p=234065","title":{"rendered":"Familia de Castillo parte a M\u00e9xico como asilados pol\u00edticos"},"content":{"rendered":"<p>La familia del expresidente de Per\u00fa, Pedro Castillo; partieron este mi\u00e9rcoles a M\u00e9xico, en calidad de asilados pol\u00edticos, tras la destituci\u00f3n del exmandatario el pasado 7 de diciembre.<\/p>\n<p>El gobierno de Dina Boluarte les entreg\u00f3 el salvoconducto para salir del pa\u00eds, el cual se encuentra sumergido en una crisis pol\u00edtica y social y fuertes protestas, que ya dejan un saldo de 25 fallecidos.<\/p>\n<p>De acuerdo con Telesur, Lilia Paredes y sus dos hijos menores se encontraron en el aeropuerto Jorge Ch\u00e1vez en la ciudad del Callao a la espera de abordar el avi\u00f3n de la aerol\u00ednea Aerom\u00e9xico que los llevar\u00e1 a M\u00e9xico.<\/p>\n<p>Se conoci\u00f3 que tanto Lilia Paredes como sus hijos vivir\u00e1n en territorio mexicano bajo la protecci\u00f3n del gobierno de ese pa\u00eds.<\/p>\n<p>Este martes, M\u00e9xico anunci\u00f3 que fue otorgado a la esposa de Castillo, Lilia Paredes, y a sus dos hijos menores de edad.<\/p>\n<p>El canciller indic\u00f3 que lo que ahora se negocia con las autoridades peruanas es el \u00absalvoconducto\u00bb, para que \u00absi desean salir, lo puedan hacer\u00bb y viajar a M\u00e9xico.<\/p>\n<p>El pasado 8 de diciembre, el canciller mexicano inform\u00f3 en su cuenta Twitter, haber recibido la solicitud de asilo del depuesto presidente peruano.<\/p>\n<p>Per\u00fa expulsa a embajador de M\u00e9xico<\/p>\n<p>La concesi\u00f3n del asilo pol\u00edtico a la exprimera dama y sus hijos provoc\u00f3 la expulsi\u00f3n del embajador mexicano en Per\u00fa y advertencias de las autoridades peruanas debido a investigaciones pendientes de corrupci\u00f3n contra Paredes.<\/p>\n<p>\u00abEl Gobierno del Per\u00fa ha declarado persona non grata al embajador de M\u00e9xico en el Per\u00fa, se\u00f1or Pablo Monroy Conesa, debido a las reiteradas expresiones de las m\u00e1s altas autoridades de ese pa\u00eds sobre la situaci\u00f3n pol\u00edtica en el Per\u00fa\u00bb, inform\u00f3 la Canciller\u00eda de Per\u00fa en su cuenta en Twitter.<\/p>\n<p>El Gobierno mexicano tambi\u00e9n concedi\u00f3 el asilo al expresidente Pedro Castillo, que permanece detenido en Per\u00fa y es investigado por la Fiscal\u00eda por delitos de rebeli\u00f3n, conspiraci\u00f3n, abuso de autoridad y grave perturbaci\u00f3n de la tranquilidad p\u00fablica.<\/p>\n<p>El ente indic\u00f3 que el embajador fue notificado que deb\u00eda abandonar el pa\u00eds en 72 horas y, asegur\u00f3 que tales disposiciones se sustentan en lo establecido en la Convenci\u00f3n de Viena sobre Relaciones Diplom\u00e1ticas.<\/p>\n<p>M\u00e9xico rechaza expulsi\u00f3n<\/p>\n<p>Este mi\u00e9rcoles, M\u00e9xico rechaz\u00f3 la expulsi\u00f3n de su embajador en Per\u00fa, Pablo Monroy, aunque afirm\u00f3 que su embajada continuar\u00e1 operando normalmente en el pa\u00eds.<\/p>\n<p>El secretario de Relaciones Exteriores de M\u00e9xico, Marcelo Ebrard, se\u00f1al\u00f3 que la expulsi\u00f3n de Monroy es \u201cinfundada y reprobable\u201d, pues, la conducta del embajador ha permanecido apegada al derecho internacional.<\/p>\n<p>\u201cMe informa Pablo Monroy, embajador en Lima, que el Gobierno de Per\u00fa le ha fijado 72 horas para salir del pa\u00eds. Encuentro esa decisi\u00f3n infundada y reprobable. La conducta de nuestro embajador ha estado apegada a derecho y al principio de no intervenci\u00f3n. M\u00e9xico no variar\u00e1 su posici\u00f3n\u201d, expres\u00f3 Ebrard a trav\u00e9s de su cuenta en la red social Twitter.<\/p>\n<p>Con informaci\u00f3n de ultimasnoticias.com.ve<\/p>\n","protected":false},"excerpt":{"rendered":"<p>La familia del expresidente de Per\u00fa, Pedro Castillo; partieron este mi\u00e9rcoles a M\u00e9xico, en calidad de asilados pol\u00edticos, tras la destituci\u00f3n del exmandatario el pasado 7 de diciembre. El gobierno de Dina Boluarte les entreg\u00f3 el salvoconducto para salir del pa\u00eds, el cual se encuentra sumergido en una crisis pol\u00edtica y social y fuertes protestas, [&hellip;]<\/p>\n","protected":false},"author":19,"featured_media":234066,"comment_status":"closed","ping_status":"closed","sticky":false,"template":"","format":"standard","meta":{"footnotes":""},"categories":[8],"tags":[],"class_list":{"0":"post-234065","1":"post","2":"type-post","3":"status-publish","4":"format-standard","5":"has-post-thumbnail","7":"category-internacionales"},"_links":{"self":[{"href":"https:\/\/elluchador.info\/index.php?rest_route=\/wp\/v2\/posts\/234065","targetHints":{"allow":["GET"]}}],"collection":[{"href":"https:\/\/elluchador.info\/index.php?rest_route=\/wp\/v2\/posts"}],"about":[{"href":"https:\/\/elluchador.info\/index.php?rest_route=\/wp\/v2\/types\/post"}],"author":[{"embeddable":true,"href":"https:\/\/elluchador.info\/index.php?rest_route=\/wp\/v2\/users\/19"}],"replies":[{"embeddable":true,"href":"https:\/\/elluchador.info\/index.php?rest_route=%2Fwp%2Fv2%2Fcomments&post=234065"}],"version-history":[{"count":1,"href":"https:\/\/elluchador.info\/index.php?rest_route=\/wp\/v2\/posts\/234065\/revisions"}],"predecessor-version":[{"id":234067,"href":"https:\/\/elluchador.info\/index.php?rest_route=\/wp\/v2\/posts\/234065\/revisions\/234067"}],"wp:featuredmedia":[{"embeddable":true,"href":"https:\/\/elluchador.info\/index.php?rest_route=\/wp\/v2\/media\/234066"}],"wp:attachment":[{"href":"https:\/\/elluchador.info\/index.php?rest_route=%2Fwp%2Fv2%2Fmedia&parent=234065"}],"wp:term":[{"taxonomy":"category","embeddable":true,"href":"https:\/\/elluchador.info\/index.php?rest_route=%2Fwp%2Fv2%2Fcategories&post=234065"},{"taxonomy":"post_tag","embeddable":true,"href":"https:\/\/elluchador.info\/index.php?rest_route=%2Fwp%2Fv2%2Ftags&post=234065"}],"curies":[{"name":"wp","href":"https:\/\/api.w.org\/{rel}","templated":true}]}}