{"id":234075,"date":"2022-12-21T13:22:28","date_gmt":"2022-12-21T17:22:28","guid":{"rendered":"https:\/\/elluchador.info\/web\/?p=234075"},"modified":"2022-12-21T13:22:28","modified_gmt":"2022-12-21T17:22:28","slug":"tchouameni-llevara-tiempo-digerir-la-frustracion","status":"publish","type":"post","link":"https:\/\/elluchador.info\/?p=234075","title":{"rendered":"Tchouam\u00e9ni: \u201cLlevar\u00e1 tiempo digerir la frustraci\u00f3n\u201d"},"content":{"rendered":"<p>El futbolista franc\u00e9s del Real Madrid se pronunci\u00f3 en redes sociales tras la derrota en la final ante Argentina.<\/p>\n<p>Aur\u00e9lien Tchouam\u00e9ni, centrocampista que form\u00f3 parte del encuentro final de la Copa Mundial de Qatar 2022, con la selecci\u00f3n gala.<\/p>\n<p>Mostr\u00f3 sus sentimientos a trav\u00e9s de una publicaci\u00f3n en sus redes sociales en la que asegur\u00f3 que \u201cLlevar\u00e1 tiempo poder digerir la amargura y frustraci\u00f3n\u201d.<\/p>\n<p>Tchouam\u00e9ni comienza a asimilar la derrota. Se qued\u00f3 cerca de su primera Copa del Mundo, perdida en la tanda de penaltis tras un Mundial en el que fue titular indiscutible en Francia.<\/p>\n<p>El jugador que actualmente es parte de la plantilla del Real Madrid tambi\u00e9n dijo que el conjunto lo dio todo en el campo ante Argentina<\/p>\n<p>\u201cLo hemos intentado todo. Asum\u00ed la responsabilidad, no funcion\u00f3 y soy el primero en lamentarlo\u00bb, escribi\u00f3.<\/p>\n<p>Tchouam\u00e9ni cerr\u00f3 su mensaje intentando mirar con optimismo a los tiempos venideros con su selecci\u00f3n.<\/p>\n<p>\u00abEstoy convencido de que el futuro de la selecci\u00f3n francesa es brillante, sobre todo si podemos contar contigo\u00bb, sentenci\u00f3 refiri\u00e9ndose a la afici\u00f3n francesa.<\/p>\n<p>Con informaci\u00f3n de www.liderendeportes.com<\/p>\n","protected":false},"excerpt":{"rendered":"<p>El futbolista franc\u00e9s del Real Madrid se pronunci\u00f3 en redes sociales tras la derrota en la final ante Argentina. Aur\u00e9lien Tchouam\u00e9ni, centrocampista que form\u00f3 parte del encuentro final de la Copa Mundial de Qatar 2022, con la selecci\u00f3n gala. Mostr\u00f3 sus sentimientos a trav\u00e9s de una publicaci\u00f3n en sus redes sociales en la que asegur\u00f3 [&hellip;]<\/p>\n","protected":false},"author":19,"featured_media":234076,"comment_status":"closed","ping_status":"closed","sticky":false,"template":"","format":"standard","meta":{"footnotes":""},"categories":[1,4],"tags":[],"class_list":{"0":"post-234075","1":"post","2":"type-post","3":"status-publish","4":"format-standard","5":"has-post-thumbnail","7":"category-deporte","8":"category-deportes"},"_links":{"self":[{"href":"https:\/\/elluchador.info\/index.php?rest_route=\/wp\/v2\/posts\/234075","targetHints":{"allow":["GET"]}}],"collection":[{"href":"https:\/\/elluchador.info\/index.php?rest_route=\/wp\/v2\/posts"}],"about":[{"href":"https:\/\/elluchador.info\/index.php?rest_route=\/wp\/v2\/types\/post"}],"author":[{"embeddable":true,"href":"https:\/\/elluchador.info\/index.php?rest_route=\/wp\/v2\/users\/19"}],"replies":[{"embeddable":true,"href":"https:\/\/elluchador.info\/index.php?rest_route=%2Fwp%2Fv2%2Fcomments&post=234075"}],"version-history":[{"count":1,"href":"https:\/\/elluchador.info\/index.php?rest_route=\/wp\/v2\/posts\/234075\/revisions"}],"predecessor-version":[{"id":234077,"href":"https:\/\/elluchador.info\/index.php?rest_route=\/wp\/v2\/posts\/234075\/revisions\/234077"}],"wp:featuredmedia":[{"embeddable":true,"href":"https:\/\/elluchador.info\/index.php?rest_route=\/wp\/v2\/media\/234076"}],"wp:attachment":[{"href":"https:\/\/elluchador.info\/index.php?rest_route=%2Fwp%2Fv2%2Fmedia&parent=234075"}],"wp:term":[{"taxonomy":"category","embeddable":true,"href":"https:\/\/elluchador.info\/index.php?rest_route=%2Fwp%2Fv2%2Fcategories&post=234075"},{"taxonomy":"post_tag","embeddable":true,"href":"https:\/\/elluchador.info\/index.php?rest_route=%2Fwp%2Fv2%2Ftags&post=234075"}],"curies":[{"name":"wp","href":"https:\/\/api.w.org\/{rel}","templated":true}]}}