{"id":234097,"date":"2022-12-21T15:41:59","date_gmt":"2022-12-21T19:41:59","guid":{"rendered":"https:\/\/elluchador.info\/web\/?p=234097"},"modified":"2022-12-21T15:41:59","modified_gmt":"2022-12-21T19:41:59","slug":"el-futuro-canciller-de-lula-es-favorable-al-regreso-de-venezuela-al-mercosur","status":"publish","type":"post","link":"https:\/\/elluchador.info\/?p=234097","title":{"rendered":"El futuro canciller de Lula es favorable al regreso de Venezuela al Mercosur"},"content":{"rendered":"<p>El diplom\u00e1tico Mauro Vieira, designado canciller del Gobierno brasile\u00f1o que asumir\u00e1 el 1 de enero el progresista Luiz In\u00e1cio Lula da Silva, se dijo favorable al regreso de Venezuela al Mercosur.<\/p>\n<p>\u00abVamos a apoyar el regreso de Venezuela\u00bb al bloque formado por Argentina, Brasil, Uruguay y Paraguay, dijo Vieira en una entrevista publicada este mi\u00e9rcoles por el diario O Estado de Sao Paulo.<\/p>\n<p>El diplom\u00e1tico fue ministro de Exteriores durante la gesti\u00f3n de Dilma Rousseff, quien fue destituida a mediados de 2016, unos meses antes de que el bloque aprobase la suspensi\u00f3n de Venezuela, indic\u00f3 que esa medida se justific\u00f3 en el hecho de que la\u00a0 naci\u00f3n a\u00fan no hab\u00eda ratificado algunos de los protocolos del Mercosur.<\/p>\n<p>\u00abSon algunos requisitos legales y no sabemos c\u00f3mo est\u00e1 eso ahora, porque no tenemos a nadie en Caracas\u00bb, apunt\u00f3 en referencia a la decisi\u00f3n tomada en 2019 por el presidente saliente, Jair Bolsonaro, de retirar al embajador brasile\u00f1o de Venezuela.<\/p>\n<p>Vieira ya anticip\u00f3 que una de las primeras iniciativas de Lula en relaci\u00f3n a la pol\u00edtica exterior ser\u00e1 restablecer en todos los planos las relaciones con Venezuela y revocar decisiones de Bolsonaro sobre las relaciones bilaterales.<\/p>\n<p>Seg\u00fan el futuro canciller, el primer paso ser\u00e1 enviar a Caracas a un encargado de negocios, a fin de \u00abreabrir la embajada\u00bb, y luego ser\u00e1 nombrado un nuevo embajador\u00bb.<\/p>\n<p>Tambi\u00e9n aclar\u00f3 que las relaciones diplom\u00e1ticas ser\u00e1n restituidas con \u00abel Gobierno que fue elegido\u00bb por los venezolanos, que \u00abes de Nicol\u00e1s Maduro\u00bb.<\/p>\n<p>Con informaci\u00f3n de www.globovision.com<\/p>\n","protected":false},"excerpt":{"rendered":"<p>El diplom\u00e1tico Mauro Vieira, designado canciller del Gobierno brasile\u00f1o que asumir\u00e1 el 1 de enero el progresista Luiz In\u00e1cio Lula da Silva, se dijo favorable al regreso de Venezuela al Mercosur. \u00abVamos a apoyar el regreso de Venezuela\u00bb al bloque formado por Argentina, Brasil, Uruguay y Paraguay, dijo Vieira en una entrevista publicada este mi\u00e9rcoles [&hellip;]<\/p>\n","protected":false},"author":19,"featured_media":234098,"comment_status":"closed","ping_status":"closed","sticky":false,"template":"","format":"standard","meta":{"footnotes":""},"categories":[8],"tags":[],"class_list":{"0":"post-234097","1":"post","2":"type-post","3":"status-publish","4":"format-standard","5":"has-post-thumbnail","7":"category-internacionales"},"_links":{"self":[{"href":"https:\/\/elluchador.info\/index.php?rest_route=\/wp\/v2\/posts\/234097","targetHints":{"allow":["GET"]}}],"collection":[{"href":"https:\/\/elluchador.info\/index.php?rest_route=\/wp\/v2\/posts"}],"about":[{"href":"https:\/\/elluchador.info\/index.php?rest_route=\/wp\/v2\/types\/post"}],"author":[{"embeddable":true,"href":"https:\/\/elluchador.info\/index.php?rest_route=\/wp\/v2\/users\/19"}],"replies":[{"embeddable":true,"href":"https:\/\/elluchador.info\/index.php?rest_route=%2Fwp%2Fv2%2Fcomments&post=234097"}],"version-history":[{"count":1,"href":"https:\/\/elluchador.info\/index.php?rest_route=\/wp\/v2\/posts\/234097\/revisions"}],"predecessor-version":[{"id":234099,"href":"https:\/\/elluchador.info\/index.php?rest_route=\/wp\/v2\/posts\/234097\/revisions\/234099"}],"wp:featuredmedia":[{"embeddable":true,"href":"https:\/\/elluchador.info\/index.php?rest_route=\/wp\/v2\/media\/234098"}],"wp:attachment":[{"href":"https:\/\/elluchador.info\/index.php?rest_route=%2Fwp%2Fv2%2Fmedia&parent=234097"}],"wp:term":[{"taxonomy":"category","embeddable":true,"href":"https:\/\/elluchador.info\/index.php?rest_route=%2Fwp%2Fv2%2Fcategories&post=234097"},{"taxonomy":"post_tag","embeddable":true,"href":"https:\/\/elluchador.info\/index.php?rest_route=%2Fwp%2Fv2%2Ftags&post=234097"}],"curies":[{"name":"wp","href":"https:\/\/api.w.org\/{rel}","templated":true}]}}