{"id":234118,"date":"2022-12-22T11:04:51","date_gmt":"2022-12-22T15:04:51","guid":{"rendered":"https:\/\/elluchador.info\/web\/?p=234118"},"modified":"2022-12-22T11:05:12","modified_gmt":"2022-12-22T15:05:12","slug":"aerolinea-estelar-anuncia-nueva-ruta-entre-caracas-y-bogota","status":"publish","type":"post","link":"https:\/\/elluchador.info\/?p=234118","title":{"rendered":"Aerol\u00ednea Estelar anuncia nueva ruta entre Caracas y Bogot\u00e1"},"content":{"rendered":"<p>La aerol\u00ednea Estelar anunci\u00f3 este mi\u00e9rcoles la inauguraci\u00f3n de una ruta directa entre Caracas y Bogot\u00e1 a partir del pr\u00f3ximo 28 de diciembre, como parte del proceso de reapertura de la conectividad a\u00e9rea entre ambos pa\u00edses.<\/p>\n<p>La compa\u00f1\u00eda inform\u00f3 v\u00eda Instagram que saldr\u00e1n dos vuelos a la semana, los mi\u00e9rcoles y los viernes.<\/p>\n<p>El pasado 17 de diciembre, el ministro de Transporte de Venezuela, Ram\u00f3n Vel\u00e1squez, inform\u00f3 que Venezuela y Colombia incrementar\u00e1n los vuelos comerciales entre Caracas y Bogot\u00e1, un acuerdo alcanzado tras un encuentro celebrado entre funcionarios y empresarios de ambos pa\u00edses.<\/p>\n<p>El ministro se\u00f1al\u00f3 que las operaciones ser\u00e1n efectuadas por \u00abdos l\u00edneas a\u00e9reas venezolanas y dos colombianas\u00bb, aunque no detall\u00f3 cu\u00e1les ser\u00e1n esas compa\u00f1\u00edas.<\/p>\n<p>\u00abTen\u00edamos siete a\u00f1os con la frontera cerrada, por eso la apertura de m\u00e1s vuelos, de m\u00e1s conectividad, lleva su proceso de certificaci\u00f3n. Nuestras l\u00edneas a\u00e9reas tienen que venir a Colombia a establecer todos sus contratos, sus oficinas comerciales y sus representaciones en cada uno de los pa\u00edses\u00bb, agreg\u00f3 el ministro, rese\u00f1\u00f3 Efe.<\/p>\n<p>Estas medidas responden a la normalizaci\u00f3n de las relaciones comerciales entre ambos pa\u00edses.<\/p>\n<p>Con informaci\u00f3n de www.eluniversal.com<\/p>\n","protected":false},"excerpt":{"rendered":"<p>La aerol\u00ednea Estelar anunci\u00f3 este mi\u00e9rcoles la inauguraci\u00f3n de una ruta directa entre Caracas y Bogot\u00e1 a partir del pr\u00f3ximo 28 de diciembre, como parte del proceso de reapertura de la conectividad a\u00e9rea entre ambos pa\u00edses. La compa\u00f1\u00eda inform\u00f3 v\u00eda Instagram que saldr\u00e1n dos vuelos a la semana, los mi\u00e9rcoles y los viernes. El pasado [&hellip;]<\/p>\n","protected":false},"author":19,"featured_media":234119,"comment_status":"closed","ping_status":"closed","sticky":false,"template":"","format":"standard","meta":{"footnotes":""},"categories":[9],"tags":[],"class_list":{"0":"post-234118","1":"post","2":"type-post","3":"status-publish","4":"format-standard","5":"has-post-thumbnail","7":"category-nacionales"},"_links":{"self":[{"href":"https:\/\/elluchador.info\/index.php?rest_route=\/wp\/v2\/posts\/234118","targetHints":{"allow":["GET"]}}],"collection":[{"href":"https:\/\/elluchador.info\/index.php?rest_route=\/wp\/v2\/posts"}],"about":[{"href":"https:\/\/elluchador.info\/index.php?rest_route=\/wp\/v2\/types\/post"}],"author":[{"embeddable":true,"href":"https:\/\/elluchador.info\/index.php?rest_route=\/wp\/v2\/users\/19"}],"replies":[{"embeddable":true,"href":"https:\/\/elluchador.info\/index.php?rest_route=%2Fwp%2Fv2%2Fcomments&post=234118"}],"version-history":[{"count":1,"href":"https:\/\/elluchador.info\/index.php?rest_route=\/wp\/v2\/posts\/234118\/revisions"}],"predecessor-version":[{"id":234120,"href":"https:\/\/elluchador.info\/index.php?rest_route=\/wp\/v2\/posts\/234118\/revisions\/234120"}],"wp:featuredmedia":[{"embeddable":true,"href":"https:\/\/elluchador.info\/index.php?rest_route=\/wp\/v2\/media\/234119"}],"wp:attachment":[{"href":"https:\/\/elluchador.info\/index.php?rest_route=%2Fwp%2Fv2%2Fmedia&parent=234118"}],"wp:term":[{"taxonomy":"category","embeddable":true,"href":"https:\/\/elluchador.info\/index.php?rest_route=%2Fwp%2Fv2%2Fcategories&post=234118"},{"taxonomy":"post_tag","embeddable":true,"href":"https:\/\/elluchador.info\/index.php?rest_route=%2Fwp%2Fv2%2Ftags&post=234118"}],"curies":[{"name":"wp","href":"https:\/\/api.w.org\/{rel}","templated":true}]}}