{"id":234121,"date":"2022-12-22T11:08:40","date_gmt":"2022-12-22T15:08:40","guid":{"rendered":"https:\/\/elluchador.info\/web\/?p=234121"},"modified":"2022-12-22T11:08:40","modified_gmt":"2022-12-22T15:08:40","slug":"zelenski-en-ee-uu-agradece-el-apoyo-y-recuerda-que-la-guerra-no-ha-terminado","status":"publish","type":"post","link":"https:\/\/elluchador.info\/?p=234121","title":{"rendered":"Zelenski en EE. UU. agradece el apoyo y recuerda que la guerra no ha terminado"},"content":{"rendered":"<p>El presidente de Ucrania, Volod\u00edmir Zelenski, expres\u00f3 este mi\u00e9rcoles su agradecimiento \u00abde coraz\u00f3n\u00bb al presidente de EEUU, Joe Biden, por la ayuda que ha recibido y record\u00f3 que la guerra que libra su pa\u00eds contra Rusia a\u00fan \u00abno ha terminado\u00bb.<\/p>\n<p>\u00abSe\u00f1or presidente, gracias por su apoyo\u00bb, dijo Zelenski a Biden en presencia de los medios de comunicaci\u00f3n al inicio de la reuni\u00f3n entre ambos, los dos sentados el uno junto al otro en el Despacho Oval de la Casa Blanca.<\/p>\n<p>Zelenski entreg\u00f3 a Biden una condecoraci\u00f3n de un capit\u00e1n de las Fuerzas Armadas ucranianas, que quer\u00eda que el presidente estadounidense tuviera ese reconocimiento.<\/p>\n<p>Por su parte, Estados Unidos quiere aumentar su apoyo militar a Ucrania, dijo el martes el presidente Joe Biden al recibir a su par de Ucrania, Volodimir Zelenski, pa\u00eds en guerra contra Rusia desde febrero.<\/p>\n<p>\u00abVamos a seguir fortaleciendo la capacidad de defensa de Ucrania, en particular la defensa a\u00e9rea\u00bb, dijo Biden a Zelenski e indic\u00f3 que Ucrania \u00absigue inspirando al mundo\u00bb.<\/p>\n<p>Con informaci\u00f3n de www.eluniversal.com<\/p>\n","protected":false},"excerpt":{"rendered":"<p>El presidente de Ucrania, Volod\u00edmir Zelenski, expres\u00f3 este mi\u00e9rcoles su agradecimiento \u00abde coraz\u00f3n\u00bb al presidente de EEUU, Joe Biden, por la ayuda que ha recibido y record\u00f3 que la guerra que libra su pa\u00eds contra Rusia a\u00fan \u00abno ha terminado\u00bb. \u00abSe\u00f1or presidente, gracias por su apoyo\u00bb, dijo Zelenski a Biden en presencia de los medios [&hellip;]<\/p>\n","protected":false},"author":19,"featured_media":234122,"comment_status":"closed","ping_status":"closed","sticky":false,"template":"","format":"standard","meta":{"footnotes":""},"categories":[8],"tags":[],"class_list":{"0":"post-234121","1":"post","2":"type-post","3":"status-publish","4":"format-standard","5":"has-post-thumbnail","7":"category-internacionales"},"_links":{"self":[{"href":"https:\/\/elluchador.info\/index.php?rest_route=\/wp\/v2\/posts\/234121","targetHints":{"allow":["GET"]}}],"collection":[{"href":"https:\/\/elluchador.info\/index.php?rest_route=\/wp\/v2\/posts"}],"about":[{"href":"https:\/\/elluchador.info\/index.php?rest_route=\/wp\/v2\/types\/post"}],"author":[{"embeddable":true,"href":"https:\/\/elluchador.info\/index.php?rest_route=\/wp\/v2\/users\/19"}],"replies":[{"embeddable":true,"href":"https:\/\/elluchador.info\/index.php?rest_route=%2Fwp%2Fv2%2Fcomments&post=234121"}],"version-history":[{"count":1,"href":"https:\/\/elluchador.info\/index.php?rest_route=\/wp\/v2\/posts\/234121\/revisions"}],"predecessor-version":[{"id":234123,"href":"https:\/\/elluchador.info\/index.php?rest_route=\/wp\/v2\/posts\/234121\/revisions\/234123"}],"wp:featuredmedia":[{"embeddable":true,"href":"https:\/\/elluchador.info\/index.php?rest_route=\/wp\/v2\/media\/234122"}],"wp:attachment":[{"href":"https:\/\/elluchador.info\/index.php?rest_route=%2Fwp%2Fv2%2Fmedia&parent=234121"}],"wp:term":[{"taxonomy":"category","embeddable":true,"href":"https:\/\/elluchador.info\/index.php?rest_route=%2Fwp%2Fv2%2Fcategories&post=234121"},{"taxonomy":"post_tag","embeddable":true,"href":"https:\/\/elluchador.info\/index.php?rest_route=%2Fwp%2Fv2%2Ftags&post=234121"}],"curies":[{"name":"wp","href":"https:\/\/api.w.org\/{rel}","templated":true}]}}