{"id":234140,"date":"2022-12-23T11:12:41","date_gmt":"2022-12-23T15:12:41","guid":{"rendered":"https:\/\/elluchador.info\/web\/?p=234140"},"modified":"2022-12-23T12:08:32","modified_gmt":"2022-12-23T16:08:32","slug":"bolivarenses-hacen-compras-navidenas-de-ultimas-horas","status":"publish","type":"post","link":"https:\/\/elluchador.info\/?p=234140","title":{"rendered":"Bolivarenses hacen compras navide\u00f1as de \u00faltimas horas"},"content":{"rendered":"<p>A tan solo horas de la llegada de la Navidad, habitantes de Ciudad Bol\u00edvar acuden a los diferentes mercados, supermercados y centros comerciales de forma masiva para hacer las acostumbradas compras de \u00faltima hora.<\/p>\n<p>En un recorrido realizado por el equipo reporteril del diario El Luchador se puso evidenciar c\u00f3mo cientos de personas abarrotaron los comercios para finalizar sus compras decembrinas.<\/p>\n<p>El momento es propicio para los comerciantes y vendedores ambulantes quienes se las han ingeniado con atractivas ofertas para no dejar escapar a los clientes, que, de acuerdo a Jos\u00e9 Campo, \u00abeste a\u00f1o, pese a que ha habido movimiento con las ventas, no ha sido de las mejores temporadas y entre hoy y ma\u00f1ana hay que aprovechar a quienes dejan para comprar a \u00faltima hora\u00bb.<\/p>\n<p>Gente recorriendo las calles y entrando en una y otra tienda, la acostumbrada tranca en el paseo Meneses a la altura del mercado, cornetas, autobuses, vendedores de todo tipo, m\u00fasica navide\u00f1a, colas para comprar carne y pernil, es parte del ambiente bolivarense en la v\u00edspera de la Navidad.<\/p>\n<p>\u00abPese a la crisis creo que hay ocasiones que no podemos dejar pasar, y la Navidad es una de ellas. Hay que recibir la llegada del Ni\u00f1o Jes\u00fas por todo lo alto y agradecidos para que el 2023 sea distinto para todos\u00bb.<\/p>\n<p>Gledis Bonilla.<\/p>\n","protected":false},"excerpt":{"rendered":"<p>A tan solo horas de la llegada de la Navidad, habitantes de Ciudad Bol\u00edvar acuden a los diferentes mercados, supermercados y centros comerciales de forma masiva para hacer las acostumbradas compras de \u00faltima hora. En un recorrido realizado por el equipo reporteril del diario El Luchador se puso evidenciar c\u00f3mo cientos de personas abarrotaron los [&hellip;]<\/p>\n","protected":false},"author":19,"featured_media":234143,"comment_status":"closed","ping_status":"closed","sticky":false,"template":"","format":"standard","meta":{"footnotes":""},"categories":[12],"tags":[],"class_list":{"0":"post-234140","1":"post","2":"type-post","3":"status-publish","4":"format-standard","5":"has-post-thumbnail","7":"category-regionales"},"_links":{"self":[{"href":"https:\/\/elluchador.info\/index.php?rest_route=\/wp\/v2\/posts\/234140","targetHints":{"allow":["GET"]}}],"collection":[{"href":"https:\/\/elluchador.info\/index.php?rest_route=\/wp\/v2\/posts"}],"about":[{"href":"https:\/\/elluchador.info\/index.php?rest_route=\/wp\/v2\/types\/post"}],"author":[{"embeddable":true,"href":"https:\/\/elluchador.info\/index.php?rest_route=\/wp\/v2\/users\/19"}],"replies":[{"embeddable":true,"href":"https:\/\/elluchador.info\/index.php?rest_route=%2Fwp%2Fv2%2Fcomments&post=234140"}],"version-history":[{"count":2,"href":"https:\/\/elluchador.info\/index.php?rest_route=\/wp\/v2\/posts\/234140\/revisions"}],"predecessor-version":[{"id":234150,"href":"https:\/\/elluchador.info\/index.php?rest_route=\/wp\/v2\/posts\/234140\/revisions\/234150"}],"wp:featuredmedia":[{"embeddable":true,"href":"https:\/\/elluchador.info\/index.php?rest_route=\/wp\/v2\/media\/234143"}],"wp:attachment":[{"href":"https:\/\/elluchador.info\/index.php?rest_route=%2Fwp%2Fv2%2Fmedia&parent=234140"}],"wp:term":[{"taxonomy":"category","embeddable":true,"href":"https:\/\/elluchador.info\/index.php?rest_route=%2Fwp%2Fv2%2Fcategories&post=234140"},{"taxonomy":"post_tag","embeddable":true,"href":"https:\/\/elluchador.info\/index.php?rest_route=%2Fwp%2Fv2%2Ftags&post=234140"}],"curies":[{"name":"wp","href":"https:\/\/api.w.org\/{rel}","templated":true}]}}