{"id":234159,"date":"2022-12-23T12:31:26","date_gmt":"2022-12-23T16:31:26","guid":{"rendered":"https:\/\/elluchador.info\/web\/?p=234159"},"modified":"2022-12-23T12:31:26","modified_gmt":"2022-12-23T16:31:26","slug":"manuel-vadell-designado-como-el-nuevo-embajador-de-venezuela-en-brasil","status":"publish","type":"post","link":"https:\/\/elluchador.info\/?p=234159","title":{"rendered":"Manuel Vadell designado como el nuevo embajador de Venezuela en Brasil"},"content":{"rendered":"<p>El presidente Nicol\u00e1s Maduro, nombr\u00f3 este jueves a Manuel Vicente Vadell como el nuevo embajador del pa\u00eds en Brasil, a partir del 1ero de enero de 2023.<\/p>\n<p>Vadell iniciar\u00e1 su misi\u00f3n diplom\u00e1tica tras la toma de posesi\u00f3n del mandatario electo, Luiz In\u00e1cio Lula da Silva.<\/p>\n<p>Esto ser\u00e1 el 1 de enero, para restablecer las relaciones bilaterales, suspendidas desde 2019.<\/p>\n<p>El nombramiento lo anunci\u00f3 el presidente a trav\u00e9s de su cuenta en la red social Twitter, compartiendo una fotograf\u00eda con Vadell.<\/p>\n<p>Vadell era el c\u00f3nsul general de Venezuela en Sao Paulo, designado desde 2015, hasta la ruptura de las relaciones bilaterales.<\/p>\n<p>Por su parte, el ministro de Comunicaci\u00f3n, Freddy \u00d1\u00e1\u00f1ez, se\u00f1al\u00f3, en la misma red social, que el nuevo embajador tendr\u00e1 la tarea de \u00abconsolidar las nuevas relaciones bilaterales\u00bb.<\/p>\n<p>El pasado 14 de diciembre, el futuro canciller brasile\u00f1o, Mauro Vieira, afirm\u00f3 que su naci\u00f3n restablecer\u00e1 relaciones con Venezuela a partir del 1 de enero.<\/p>\n<p>El actual presidente de Brasil, Jair Bolsonaro, reconoce como mandatario leg\u00edtimo de Venezuela al opositor Juan Guaid\u00f3 desde 2019.<\/p>\n<p>Esto fue lo que llev\u00f3 a la ruptura de las relaciones diplom\u00e1ticas.<\/p>\n<p>Luego del triunfo de Lula en las elecciones presidenciales de Brasil, celebradas en octubre pasado, el Gobierno venezolano manifest\u00f3, mediante un comunicado, su \u00abmejor disposici\u00f3n y buena voluntad para, juntos, fortalecer los lazos de amistad\u00bb.<\/p>\n<p>Con informaci\u00f3n de EFE.<\/p>\n","protected":false},"excerpt":{"rendered":"<p>El presidente Nicol\u00e1s Maduro, nombr\u00f3 este jueves a Manuel Vicente Vadell como el nuevo embajador del pa\u00eds en Brasil, a partir del 1ero de enero de 2023. Vadell iniciar\u00e1 su misi\u00f3n diplom\u00e1tica tras la toma de posesi\u00f3n del mandatario electo, Luiz In\u00e1cio Lula da Silva. Esto ser\u00e1 el 1 de enero, para restablecer las relaciones [&hellip;]<\/p>\n","protected":false},"author":19,"featured_media":234160,"comment_status":"closed","ping_status":"closed","sticky":false,"template":"","format":"standard","meta":{"footnotes":""},"categories":[9],"tags":[],"class_list":{"0":"post-234159","1":"post","2":"type-post","3":"status-publish","4":"format-standard","5":"has-post-thumbnail","7":"category-nacionales"},"_links":{"self":[{"href":"https:\/\/elluchador.info\/index.php?rest_route=\/wp\/v2\/posts\/234159","targetHints":{"allow":["GET"]}}],"collection":[{"href":"https:\/\/elluchador.info\/index.php?rest_route=\/wp\/v2\/posts"}],"about":[{"href":"https:\/\/elluchador.info\/index.php?rest_route=\/wp\/v2\/types\/post"}],"author":[{"embeddable":true,"href":"https:\/\/elluchador.info\/index.php?rest_route=\/wp\/v2\/users\/19"}],"replies":[{"embeddable":true,"href":"https:\/\/elluchador.info\/index.php?rest_route=%2Fwp%2Fv2%2Fcomments&post=234159"}],"version-history":[{"count":1,"href":"https:\/\/elluchador.info\/index.php?rest_route=\/wp\/v2\/posts\/234159\/revisions"}],"predecessor-version":[{"id":234161,"href":"https:\/\/elluchador.info\/index.php?rest_route=\/wp\/v2\/posts\/234159\/revisions\/234161"}],"wp:featuredmedia":[{"embeddable":true,"href":"https:\/\/elluchador.info\/index.php?rest_route=\/wp\/v2\/media\/234160"}],"wp:attachment":[{"href":"https:\/\/elluchador.info\/index.php?rest_route=%2Fwp%2Fv2%2Fmedia&parent=234159"}],"wp:term":[{"taxonomy":"category","embeddable":true,"href":"https:\/\/elluchador.info\/index.php?rest_route=%2Fwp%2Fv2%2Fcategories&post=234159"},{"taxonomy":"post_tag","embeddable":true,"href":"https:\/\/elluchador.info\/index.php?rest_route=%2Fwp%2Fv2%2Ftags&post=234159"}],"curies":[{"name":"wp","href":"https:\/\/api.w.org\/{rel}","templated":true}]}}