{"id":234177,"date":"2022-12-23T13:59:27","date_gmt":"2022-12-23T17:59:27","guid":{"rendered":"https:\/\/elluchador.info\/web\/?p=234177"},"modified":"2022-12-23T13:59:27","modified_gmt":"2022-12-23T17:59:27","slug":"autoridades-adecuan-puente-de-tienditas","status":"publish","type":"post","link":"https:\/\/elluchador.info\/?p=234177","title":{"rendered":"Autoridades adecuan puente de Tienditas"},"content":{"rendered":"<p>Autoridades se encuentran adecuando el puente internacional de Tienditas, una estructura dise\u00f1ada para el paso de veh\u00edculos entre el estado T\u00e1chira y el departamento colombiano de Norte de Santander, cuya apertura est\u00e1 prevista para el pr\u00f3ximo 1 de enero, inform\u00f3 este jueves el Ministerio de Transporte.<\/p>\n<p>En una nota de prensa, el Ejecutivo detall\u00f3 que est\u00e1n instalando 184 se\u00f1ales de tr\u00e1nsito \u00abpreventivas, informativas y reglamentarias para garantizar la circulaci\u00f3n segura en el paso fronterizo\u00bb, adem\u00e1s de habilitar el puesto de control para la entrada y salida del transporte por el puente, que contar\u00e1 con ocho taquillas.<\/p>\n<p>Las labores son efectuadas por el Instituto Nacional de Transporte Terrestre (INTT), que tambi\u00e9n adec\u00faa los espacios de su sede en la zona, desde la cual fiscalizar\u00e1 el paso de camiones de carga pesada y supervisar\u00e1 el transporte p\u00fablico de ciudadanos.<\/p>\n<p>El pasado 12 de diciembre, el presidente venezolano, Nicol\u00e1s Maduro, anunci\u00f3 que a partir del 1 de enero de 2023 se abrir\u00e1 \u00abcompletamente\u00bb la frontera con Colombia para permitir el paso de veh\u00edculos particulares entre ambas naciones, algo que no ocurre desde 2015.<\/p>\n<p>El restablecimiento de las relaciones entre ambas naciones, que tuvo lugar en agosto pasado, y la reapertura de otros pasos fronterizos, ocurrida el 26 de septiembre, han permitido el paso de veh\u00edculos de carga por otros puentes internacionales, pero el tr\u00e1fico no ha sido normalizado del todo.<\/p>\n<p>Con informaci\u00f3n de unionradio.net<\/p>\n","protected":false},"excerpt":{"rendered":"<p>Autoridades se encuentran adecuando el puente internacional de Tienditas, una estructura dise\u00f1ada para el paso de veh\u00edculos entre el estado T\u00e1chira y el departamento colombiano de Norte de Santander, cuya apertura est\u00e1 prevista para el pr\u00f3ximo 1 de enero, inform\u00f3 este jueves el Ministerio de Transporte. En una nota de prensa, el Ejecutivo detall\u00f3 que [&hellip;]<\/p>\n","protected":false},"author":19,"featured_media":234178,"comment_status":"closed","ping_status":"closed","sticky":false,"template":"","format":"standard","meta":{"footnotes":""},"categories":[9],"tags":[],"class_list":{"0":"post-234177","1":"post","2":"type-post","3":"status-publish","4":"format-standard","5":"has-post-thumbnail","7":"category-nacionales"},"_links":{"self":[{"href":"https:\/\/elluchador.info\/index.php?rest_route=\/wp\/v2\/posts\/234177","targetHints":{"allow":["GET"]}}],"collection":[{"href":"https:\/\/elluchador.info\/index.php?rest_route=\/wp\/v2\/posts"}],"about":[{"href":"https:\/\/elluchador.info\/index.php?rest_route=\/wp\/v2\/types\/post"}],"author":[{"embeddable":true,"href":"https:\/\/elluchador.info\/index.php?rest_route=\/wp\/v2\/users\/19"}],"replies":[{"embeddable":true,"href":"https:\/\/elluchador.info\/index.php?rest_route=%2Fwp%2Fv2%2Fcomments&post=234177"}],"version-history":[{"count":1,"href":"https:\/\/elluchador.info\/index.php?rest_route=\/wp\/v2\/posts\/234177\/revisions"}],"predecessor-version":[{"id":234179,"href":"https:\/\/elluchador.info\/index.php?rest_route=\/wp\/v2\/posts\/234177\/revisions\/234179"}],"wp:featuredmedia":[{"embeddable":true,"href":"https:\/\/elluchador.info\/index.php?rest_route=\/wp\/v2\/media\/234178"}],"wp:attachment":[{"href":"https:\/\/elluchador.info\/index.php?rest_route=%2Fwp%2Fv2%2Fmedia&parent=234177"}],"wp:term":[{"taxonomy":"category","embeddable":true,"href":"https:\/\/elluchador.info\/index.php?rest_route=%2Fwp%2Fv2%2Fcategories&post=234177"},{"taxonomy":"post_tag","embeddable":true,"href":"https:\/\/elluchador.info\/index.php?rest_route=%2Fwp%2Fv2%2Ftags&post=234177"}],"curies":[{"name":"wp","href":"https:\/\/api.w.org\/{rel}","templated":true}]}}