{"id":234221,"date":"2022-12-25T12:03:55","date_gmt":"2022-12-25T16:03:55","guid":{"rendered":"https:\/\/elluchador.info\/web\/?p=234221"},"modified":"2022-12-25T12:03:55","modified_gmt":"2022-12-25T16:03:55","slug":"declaran-toque-de-queda-en-darfur-por-nuevo-brote-de-violencia","status":"publish","type":"post","link":"https:\/\/elluchador.info\/?p=234221","title":{"rendered":"Declaran toque de queda en Darfur por nuevo brote de violencia"},"content":{"rendered":"<p>Las autoridades del Sur de Darfur declararon este s\u00e1bado el estado de emergencia en esa regi\u00f3n del oeste de Sud\u00e1n.<\/p>\n<p>As\u00ed como un toque de queda en una de sus localidades tras un nuevo brote de violencia tribal que dej\u00f3 al menos siete muertos y cinco heridos.<\/p>\n<p>\u201cSe ha decidido declarar, hasta nuevo aviso, el estado de emergencia en el Estado del Sur de Darfur a partir de hoy, y el toque de queda en la localidad de Beleil de las 6.00 de la tarde hasta las 6.00 de la ma\u00f1ana\u201d, dijo en un comunicado el gobernador de esa regi\u00f3n, Hamid Mohamed al Tijani.<\/p>\n<p>Decisi\u00f3n que se da luego de que el Comit\u00e9 de Seguridad del sur de Darfur anunciara este s\u00e1bado la muerte de al menos siete personas en violentos enfrentamientos entre una tribu africana y pastores armados \u00e1rabes.<\/p>\n<p>Situaci\u00f3n que desencaden\u00f3 el mi\u00e9rcoles en la aldea de Amori y se extendieron a varias localidades.<\/p>\n<p>Fuentes tribales y hospitalarias elevaron esta tarde el n\u00famero de v\u00edctimas mortales a 11.<\/p>\n<p>Seg\u00fan esas fuentes, decenas de ciudadanos de la regi\u00f3n donde ocurrieron los hechos recibieron los cad\u00e1veres de varios de los muertos en la morgue del hospital de Niyala, capital del Sur de Darfur.<\/p>\n<p>Posteriormente, los trasladaron hasta la sede del gobierno local en protesta por los asesinatos y los saqueos a los que fueron sometidos sus barrios.<\/p>\n<p>\u201cLos manifestantes acusaron al gobierno local de no tomar en serio los enfrentamientos\u00bb, por lo que cerraron un puente que une el sur, el centro y el norte de la ciudad y bloquearon la carretera entre las sedes del Ejecutivo y el Ej\u00e9rcito\u201d, \u00a0a\u00f1adieron las fuentes, citadas por medios locales.<\/p>\n<p>EFE<\/p>\n","protected":false},"excerpt":{"rendered":"<p>Las autoridades del Sur de Darfur declararon este s\u00e1bado el estado de emergencia en esa regi\u00f3n del oeste de Sud\u00e1n. As\u00ed como un toque de queda en una de sus localidades tras un nuevo brote de violencia tribal que dej\u00f3 al menos siete muertos y cinco heridos. \u201cSe ha decidido declarar, hasta nuevo aviso, el [&hellip;]<\/p>\n","protected":false},"author":19,"featured_media":234222,"comment_status":"closed","ping_status":"closed","sticky":false,"template":"","format":"standard","meta":{"footnotes":""},"categories":[8],"tags":[],"class_list":{"0":"post-234221","1":"post","2":"type-post","3":"status-publish","4":"format-standard","5":"has-post-thumbnail","7":"category-internacionales"},"_links":{"self":[{"href":"https:\/\/elluchador.info\/index.php?rest_route=\/wp\/v2\/posts\/234221","targetHints":{"allow":["GET"]}}],"collection":[{"href":"https:\/\/elluchador.info\/index.php?rest_route=\/wp\/v2\/posts"}],"about":[{"href":"https:\/\/elluchador.info\/index.php?rest_route=\/wp\/v2\/types\/post"}],"author":[{"embeddable":true,"href":"https:\/\/elluchador.info\/index.php?rest_route=\/wp\/v2\/users\/19"}],"replies":[{"embeddable":true,"href":"https:\/\/elluchador.info\/index.php?rest_route=%2Fwp%2Fv2%2Fcomments&post=234221"}],"version-history":[{"count":1,"href":"https:\/\/elluchador.info\/index.php?rest_route=\/wp\/v2\/posts\/234221\/revisions"}],"predecessor-version":[{"id":234223,"href":"https:\/\/elluchador.info\/index.php?rest_route=\/wp\/v2\/posts\/234221\/revisions\/234223"}],"wp:featuredmedia":[{"embeddable":true,"href":"https:\/\/elluchador.info\/index.php?rest_route=\/wp\/v2\/media\/234222"}],"wp:attachment":[{"href":"https:\/\/elluchador.info\/index.php?rest_route=%2Fwp%2Fv2%2Fmedia&parent=234221"}],"wp:term":[{"taxonomy":"category","embeddable":true,"href":"https:\/\/elluchador.info\/index.php?rest_route=%2Fwp%2Fv2%2Fcategories&post=234221"},{"taxonomy":"post_tag","embeddable":true,"href":"https:\/\/elluchador.info\/index.php?rest_route=%2Fwp%2Fv2%2Ftags&post=234221"}],"curies":[{"name":"wp","href":"https:\/\/api.w.org\/{rel}","templated":true}]}}