{"id":234230,"date":"2022-12-25T12:14:43","date_gmt":"2022-12-25T16:14:43","guid":{"rendered":"https:\/\/elluchador.info\/web\/?p=234230"},"modified":"2022-12-25T12:14:43","modified_gmt":"2022-12-25T16:14:43","slug":"ligas-europeas-se-reactivan-para-un-cierre-de-ano-intenso","status":"publish","type":"post","link":"https:\/\/elluchador.info\/?p=234230","title":{"rendered":"Ligas europeas se reactivan para un cierre de a\u00f1o intenso"},"content":{"rendered":"<p>El f\u00fatbol de clubes\u00a0recupera la normalidad con el reencuentro con sus competiciones nacionales\u00a0despu\u00e9s de la disputa del Campeonato del Mundo de Qatar 2022 que provoc\u00f3 \u00a0una alteraci\u00f3n generalizada en los calendarios de los torneos del Viejo Continente.<\/p>\n<p>El bal\u00f3n vuelve a rodar, con prisa, en una fechas que habitualmente son aprovechadas para desacelerar los eventos en algunos casos, y frenar en otros. Pero en esta ocasi\u00f3n\u00a0no ha habido descanso en gran parte de las ligas europeas que irrumpen con fuerza en el calendario del fin de a\u00f1o.<\/p>\n<p>Adem\u00e1s de la Premier y el tradicional \u2018Boxing Day\u2019,\u00a0LaLiga de Espa\u00f1a, la Ligue 1 de Francia y la de Portugal, recuperan el pulso competitivo\u00a0junto a otras de menor repercusi\u00f3n, como la griega, la belga o la turca. Tambi\u00e9n Italia, con\u00a0la Serie A, adelanta su puesta en marcha aunque no entrar\u00e1 en acci\u00f3n hasta el 2023, al igual que Pa\u00edses Bajos.<\/p>\n<p>En Alemania el f\u00fatbol no regresa hasta el pen\u00faltimo fin de semana de enero, cuando el resto de equipos del Viejo Continentes ya est\u00e1 rodado.<\/p>\n<p>Premier League<\/p>\n<p>El f\u00fatbol ingl\u00e9s no ha cambiado sus previsiones y el Boxing Day,\u00a0el pr\u00f3ximo lunes 26, se disputar\u00e1 tal y como marca la tradici\u00f3n. Ser\u00e1 la decimoquinta jornada de Premier, con compromisos para el Tottenham, el Liverpool o el l\u00edder, el Arsenal.<\/p>\n<p>Desde el 26 de diciembre hasta el 5 de enero habr\u00e1 partidos todos los d\u00edas en Inglaterra excepto el 29 de diciembre. En esos diez d\u00edas el programa de la Premier acumula tres jornadas que cerrar\u00e1n la primera vuelta. Despu\u00e9s, ya\u00a0no regresar\u00e1 hasta el 12 luego de dejar espacio a la Copa.<\/p>\n<figure class=\"wp-block-embed is-type-rich is-provider-twitter wp-block-embed-twitter\">\n<div class=\"wp-block-embed__wrapper\">\n<div class=\"twitter-tweet twitter-tweet-rendered\"><iframe id=\"twitter-widget-0\" class=\"\" title=\"Twitter Tweet\" src=\"https:\/\/platform.twitter.com\/embed\/Tweet.html?dnt=true&amp;embedId=twitter-widget-0&amp;features=eyJ0ZndfdGltZWxpbmVfbGlzdCI6eyJidWNrZXQiOlsibGlua3RyLmVlIiwidHIuZWUiLCJ0ZXJyYS5jb20uYnIiLCJ3d3cubGlua3RyLmVlIiwid3d3LnRyLmVlIiwid3d3LnRlcnJhLmNvbS5iciJdLCJ2ZXJzaW9uIjpudWxsfSwidGZ3X2hvcml6b25fdGltZWxpbmVfMTIwMzQiOnsiYnVja2V0IjoidHJlYXRtZW50IiwidmVyc2lvbiI6bnVsbH0sInRmd190d2VldF9lZGl0X2JhY2tlbmQiOnsiYnVja2V0Ijoib24iLCJ2ZXJzaW9uIjpudWxsfSwidGZ3X3JlZnNyY19zZXNzaW9uIjp7ImJ1Y2tldCI6Im9uIiwidmVyc2lvbiI6bnVsbH0sInRmd19zaG93X2J1c2luZXNzX3ZlcmlmaWVkX2JhZGdlIjp7ImJ1Y2tldCI6Im9uIiwidmVyc2lvbiI6bnVsbH0sInRmd19jaGluX3BpbGxzXzE0NzQxIjp7ImJ1Y2tldCI6ImNvbG9yX2ljb25zIiwidmVyc2lvbiI6bnVsbH0sInRmd190d2VldF9yZXN1bHRfbWlncmF0aW9uXzEzOTc5Ijp7ImJ1Y2tldCI6InR3ZWV0X3Jlc3VsdCIsInZlcnNpb24iOm51bGx9LCJ0ZndfbWl4ZWRfbWVkaWFfMTU4OTciOnsiYnVja2V0IjoidHJlYXRtZW50IiwidmVyc2lvbiI6bnVsbH0sInRmd19zZW5zaXRpdmVfbWVkaWFfaW50ZXJzdGl0aWFsXzEzOTYzIjp7ImJ1Y2tldCI6ImludGVyc3RpdGlhbCIsInZlcnNpb24iOm51bGx9LCJ0ZndfZXhwZXJpbWVudHNfY29va2llX2V4cGlyYXRpb24iOnsiYnVja2V0IjoxMjA5NjAwLCJ2ZXJzaW9uIjpudWxsfSwidGZ3X2R1cGxpY2F0ZV9zY3JpYmVzX3RvX3NldHRpbmdzIjp7ImJ1Y2tldCI6Im9uIiwidmVyc2lvbiI6bnVsbH0sInRmd192aWRlb19obHNfZHluYW1pY19tYW5pZmVzdHNfMTUwODIiOnsiYnVja2V0IjoidHJ1ZV9iaXRyYXRlIiwidmVyc2lvbiI6bnVsbH0sInRmd19zaG93X2JsdWVfdmVyaWZpZWRfYmFkZ2UiOnsiYnVja2V0Ijoib24iLCJ2ZXJzaW9uIjpudWxsfSwidGZ3X3Nob3dfZ292X3ZlcmlmaWVkX2JhZGdlIjp7ImJ1Y2tldCI6Im9uIiwidmVyc2lvbiI6bnVsbH0sInRmd19zaG93X2J1c2luZXNzX2FmZmlsaWF0ZV9iYWRnZSI6eyJidWNrZXQiOiJvbiIsInZlcnNpb24iOm51bGx9LCJ0ZndfdHdlZXRfZWRpdF9mcm9udGVuZCI6eyJidWNrZXQiOiJvbiIsInZlcnNpb24iOm51bGx9fQ%3D%3D&amp;frame=false&amp;hideCard=false&amp;hideThread=false&amp;id=1606580189798039554&amp;lang=es&amp;origin=https%3A%2F%2Funionradio.net%2Fligas-europeas-se-reactivan-para-un-cierre-de-ano-intenso%2F&amp;sessionId=777b4a3ebec40c5148b508ea6384216497983e49&amp;theme=light&amp;widgetsVersion=a3525f077c700%3A1667415560940&amp;width=500px\" frameborder=\"0\" scrolling=\"no\" allowfullscreen=\"allowfullscreen\" data-tweet-id=\"1606580189798039554\" data-mce-fragment=\"1\"><\/iframe><\/div>\n<\/div>\n<\/figure>\n<p>LaLiga<\/p>\n<p>En Espa\u00f1a, en contra de lo habitual, LaLiga recupera el pulso en los \u00faltimos d\u00edas del 2022.\u00a0Tres encuentros de la decimoquinta jornada se jugar\u00e1n el jueves 29:<\/p>\n<ul>\n<li>Girona-Rayo Vallecano<\/li>\n<li>Betis-Athletic<\/li>\n<li>Atl\u00e9tico Madrid-Elche<\/li>\n<\/ul>\n<p>El viernes 30 ser\u00e1 la hora de:<\/p>\n<ul>\n<li>Getafe-Mallorca.<\/li>\n<li>C\u00e1diz-Almer\u00eda.<\/li>\n<li>Celta-Sevilla<\/li>\n<li>Valladolid-Real Madrid<\/li>\n<\/ul>\n<p>El 31, antes de las uvas:<\/p>\n<ul>\n<li>Barcelona-Espanyol<\/li>\n<li>Real Sociedad-Osasuna<\/li>\n<li>Villarreal-Valencia.<\/li>\n<\/ul>\n<p>Una semana despu\u00e9s est\u00e1 fijada la decimosexta fecha. Entre ambas jornadas, los dieciseisavos de final de la Copa del Rey.<\/p>\n<figure class=\"wp-block-embed is-type-rich is-provider-twitter wp-block-embed-twitter\">\n<div class=\"wp-block-embed__wrapper\">\n<div class=\"twitter-tweet twitter-tweet-rendered\"><iframe id=\"twitter-widget-1\" class=\"\" title=\"Twitter Tweet\" src=\"https:\/\/platform.twitter.com\/embed\/Tweet.html?dnt=true&amp;embedId=twitter-widget-1&amp;features=eyJ0ZndfdGltZWxpbmVfbGlzdCI6eyJidWNrZXQiOlsibGlua3RyLmVlIiwidHIuZWUiLCJ0ZXJyYS5jb20uYnIiLCJ3d3cubGlua3RyLmVlIiwid3d3LnRyLmVlIiwid3d3LnRlcnJhLmNvbS5iciJdLCJ2ZXJzaW9uIjpudWxsfSwidGZ3X2hvcml6b25fdGltZWxpbmVfMTIwMzQiOnsiYnVja2V0IjoidHJlYXRtZW50IiwidmVyc2lvbiI6bnVsbH0sInRmd190d2VldF9lZGl0X2JhY2tlbmQiOnsiYnVja2V0Ijoib24iLCJ2ZXJzaW9uIjpudWxsfSwidGZ3X3JlZnNyY19zZXNzaW9uIjp7ImJ1Y2tldCI6Im9uIiwidmVyc2lvbiI6bnVsbH0sInRmd19zaG93X2J1c2luZXNzX3ZlcmlmaWVkX2JhZGdlIjp7ImJ1Y2tldCI6Im9uIiwidmVyc2lvbiI6bnVsbH0sInRmd19jaGluX3BpbGxzXzE0NzQxIjp7ImJ1Y2tldCI6ImNvbG9yX2ljb25zIiwidmVyc2lvbiI6bnVsbH0sInRmd190d2VldF9yZXN1bHRfbWlncmF0aW9uXzEzOTc5Ijp7ImJ1Y2tldCI6InR3ZWV0X3Jlc3VsdCIsInZlcnNpb24iOm51bGx9LCJ0ZndfbWl4ZWRfbWVkaWFfMTU4OTciOnsiYnVja2V0IjoidHJlYXRtZW50IiwidmVyc2lvbiI6bnVsbH0sInRmd19zZW5zaXRpdmVfbWVkaWFfaW50ZXJzdGl0aWFsXzEzOTYzIjp7ImJ1Y2tldCI6ImludGVyc3RpdGlhbCIsInZlcnNpb24iOm51bGx9LCJ0ZndfZXhwZXJpbWVudHNfY29va2llX2V4cGlyYXRpb24iOnsiYnVja2V0IjoxMjA5NjAwLCJ2ZXJzaW9uIjpudWxsfSwidGZ3X2R1cGxpY2F0ZV9zY3JpYmVzX3RvX3NldHRpbmdzIjp7ImJ1Y2tldCI6Im9uIiwidmVyc2lvbiI6bnVsbH0sInRmd192aWRlb19obHNfZHluYW1pY19tYW5pZmVzdHNfMTUwODIiOnsiYnVja2V0IjoidHJ1ZV9iaXRyYXRlIiwidmVyc2lvbiI6bnVsbH0sInRmd19zaG93X2JsdWVfdmVyaWZpZWRfYmFkZ2UiOnsiYnVja2V0Ijoib24iLCJ2ZXJzaW9uIjpudWxsfSwidGZ3X3Nob3dfZ292X3ZlcmlmaWVkX2JhZGdlIjp7ImJ1Y2tldCI6Im9uIiwidmVyc2lvbiI6bnVsbH0sInRmd19zaG93X2J1c2luZXNzX2FmZmlsaWF0ZV9iYWRnZSI6eyJidWNrZXQiOiJvbiIsInZlcnNpb24iOm51bGx9LCJ0ZndfdHdlZXRfZWRpdF9mcm9udGVuZCI6eyJidWNrZXQiOiJvbiIsInZlcnNpb24iOm51bGx9fQ%3D%3D&amp;frame=false&amp;hideCard=false&amp;hideThread=false&amp;id=1606590506611249152&amp;lang=es&amp;origin=https%3A%2F%2Funionradio.net%2Fligas-europeas-se-reactivan-para-un-cierre-de-ano-intenso%2F&amp;sessionId=777b4a3ebec40c5148b508ea6384216497983e49&amp;theme=light&amp;widgetsVersion=a3525f077c700%3A1667415560940&amp;width=500px\" frameborder=\"0\" scrolling=\"no\" allowfullscreen=\"allowfullscreen\" data-tweet-id=\"1606590506611249152\" data-mce-fragment=\"1\"><\/iframe><\/div>\n<\/div>\n<\/figure>\n<p>Ligue 1<\/p>\n<p>Habitualmente se detiene en las fechas navide\u00f1as. No es el caso esta vez cuando\u00a0retoma el pulso de la competici\u00f3n con la decimosexta jornada, el pr\u00f3ximo mi\u00e9rcoles 28 de diciembre con la mitad de los partidos. Un d\u00eda despu\u00e9s,\u00a0el jueves 29, se completar\u00e1 la fecha.<\/p>\n<p>Acelera en su calendario el f\u00fatbol galo que\u00a0tres d\u00edas despu\u00e9s, el primer d\u00eda del 2023 ya pone en acci\u00f3n la decimos\u00e9ptima sesi\u00f3n.<\/p>\n<p>EFE<\/p>\n","protected":false},"excerpt":{"rendered":"<p>El f\u00fatbol de clubes\u00a0recupera la normalidad con el reencuentro con sus competiciones nacionales\u00a0despu\u00e9s de la disputa del Campeonato del Mundo de Qatar 2022 que provoc\u00f3 \u00a0una alteraci\u00f3n generalizada en los calendarios de los torneos del Viejo Continente. El bal\u00f3n vuelve a rodar, con prisa, en una fechas que habitualmente son aprovechadas para desacelerar los eventos [&hellip;]<\/p>\n","protected":false},"author":19,"featured_media":234231,"comment_status":"closed","ping_status":"closed","sticky":false,"template":"","format":"standard","meta":{"footnotes":""},"categories":[4],"tags":[],"class_list":{"0":"post-234230","1":"post","2":"type-post","3":"status-publish","4":"format-standard","5":"has-post-thumbnail","7":"category-deportes"},"_links":{"self":[{"href":"https:\/\/elluchador.info\/index.php?rest_route=\/wp\/v2\/posts\/234230","targetHints":{"allow":["GET"]}}],"collection":[{"href":"https:\/\/elluchador.info\/index.php?rest_route=\/wp\/v2\/posts"}],"about":[{"href":"https:\/\/elluchador.info\/index.php?rest_route=\/wp\/v2\/types\/post"}],"author":[{"embeddable":true,"href":"https:\/\/elluchador.info\/index.php?rest_route=\/wp\/v2\/users\/19"}],"replies":[{"embeddable":true,"href":"https:\/\/elluchador.info\/index.php?rest_route=%2Fwp%2Fv2%2Fcomments&post=234230"}],"version-history":[{"count":1,"href":"https:\/\/elluchador.info\/index.php?rest_route=\/wp\/v2\/posts\/234230\/revisions"}],"predecessor-version":[{"id":234232,"href":"https:\/\/elluchador.info\/index.php?rest_route=\/wp\/v2\/posts\/234230\/revisions\/234232"}],"wp:featuredmedia":[{"embeddable":true,"href":"https:\/\/elluchador.info\/index.php?rest_route=\/wp\/v2\/media\/234231"}],"wp:attachment":[{"href":"https:\/\/elluchador.info\/index.php?rest_route=%2Fwp%2Fv2%2Fmedia&parent=234230"}],"wp:term":[{"taxonomy":"category","embeddable":true,"href":"https:\/\/elluchador.info\/index.php?rest_route=%2Fwp%2Fv2%2Fcategories&post=234230"},{"taxonomy":"post_tag","embeddable":true,"href":"https:\/\/elluchador.info\/index.php?rest_route=%2Fwp%2Fv2%2Ftags&post=234230"}],"curies":[{"name":"wp","href":"https:\/\/api.w.org\/{rel}","templated":true}]}}