{"id":234251,"date":"2022-12-25T13:03:55","date_gmt":"2022-12-25T17:03:55","guid":{"rendered":"https:\/\/elluchador.info\/web\/?p=234251"},"modified":"2022-12-25T13:03:55","modified_gmt":"2022-12-25T17:03:55","slug":"las-farmacias-piden-un-mayor-protagonismo-en-el-sistema-de-salud","status":"publish","type":"post","link":"https:\/\/elluchador.info\/?p=234251","title":{"rendered":"Las farmacias piden un mayor protagonismo en el sistema de salud"},"content":{"rendered":"<p>Este mayor protagonismo de las farmacias en el sistema de salud ha sido defendido por\u00a0Ana C\u00e9spedes,\u00a0en su calidad de miembro del\u00a0comit\u00e9 cient\u00edfico asesor del Instituto ProPatiens;\u00a0Luis de Palacio,\u00a0presidente de la\u00a0Federaci\u00f3n Empresarial de Farmac\u00e9uticos Espa\u00f1oles\u00a0(FEFE);\u00a0Alejandro Anca,\u00a0farmac\u00e9utico comunitario; y\u00a0Rub\u00e9n Palomo, director de\u00a0Welnia, servicio digital para las farmacias del\u00a0Grupo Cofares, empresa l\u00edder en distribuci\u00f3n de medicamentos.<\/p>\n<p>Todos ellos han participado en los\u00a0Di\u00e1logos EFE Salud, un encuentro organizado por EFE en colaboraci\u00f3n con Welnia, centrado en esta ocasi\u00f3n en \u201cEl valor del consejo farmac\u00e9utico en el nuevo contexto sanitario\u201d, un contexto que han recordado se caracteriza por el progresivo envejecimiento de la ciudadan\u00eda y la dificultad en la movilidad.<\/p>\n<p>Y esto se da en un entorno\u00a0en el que han destacado que\u00a0la digitalizaci\u00f3n y novedades tecnol\u00f3gicas tienen un papel cada vez m\u00e1s relevante a la hora de compartir informaci\u00f3n del paciente, hacer una labor divulgativa e, incluso, de atenderlos.<\/p>\n<p>En este marco es en el que han defendido dar un mayor protagonismo a la labor del farmac\u00e9utico\u00a0comunitario, para sacar el m\u00e1ximo provecho\u00a0de su cercan\u00eda con el paciente y de la extensa red, una de las mayores de Europa, de 22.000 farmacias que existen en Espa\u00f1a.<\/p>\n<figure class=\"wp-block-image size-large\"><img loading=\"lazy\" decoding=\"async\" class=\"wp-image-297138 lazyautosizes lazyloaded\" style=\"box-sizing: border-box; height: auto; max-width: 100%; border-style: none; vertical-align: bottom; transition: all 0.3s ease-out 0s; display: inline-block; margin-bottom: 5px !important;\" src=\"https:\/\/efesalud.com\/wp-content\/uploads\/2022\/12\/DFFDialogosEFEConsejoFarmaceutico-4-1024x633.jpg\" sizes=\"auto, 646px\" srcset=\"https:\/\/efesalud.com\/wp-content\/uploads\/2022\/12\/DFFDialogosEFEConsejoFarmaceutico-4-1024x633.jpg 1024w, https:\/\/efesalud.com\/wp-content\/uploads\/2022\/12\/DFFDialogosEFEConsejoFarmaceutico-4-300x185.jpg 300w, https:\/\/efesalud.com\/wp-content\/uploads\/2022\/12\/DFFDialogosEFEConsejoFarmaceutico-4-768x475.jpg 768w, https:\/\/efesalud.com\/wp-content\/uploads\/2022\/12\/DFFDialogosEFEConsejoFarmaceutico-4-1536x950.jpg 1536w, https:\/\/efesalud.com\/wp-content\/uploads\/2022\/12\/DFFDialogosEFEConsejoFarmaceutico-4-1200x742.jpg 1200w, https:\/\/efesalud.com\/wp-content\/uploads\/2022\/12\/DFFDialogosEFEConsejoFarmaceutico-4.jpg 1920w\" alt=\"FARMACIAS salud\" width=\"1024\" height=\"633\" data-attachment-id=\"297138\" data-permalink=\"https:\/\/efesalud.com\/farmacias-protagonismo-sistema-salud\/dffdialogosefeconsejofarmaceutico-4\/\" data-orig-file=\"https:\/\/efesalud.com\/wp-content\/uploads\/2022\/12\/DFFDialogosEFEConsejoFarmaceutico-4.jpg\" data-orig-size=\"1920,1187\" data-comments-opened=\"0\" data-image-meta=\"{&quot;aperture&quot;:&quot;5.6&quot;,&quot;credit&quot;:&quot;David Fernandez&quot;,&quot;camera&quot;:&quot;Canon EOS 5D Mark IV&quot;,&quot;caption&quot;:&quot;&quot;,&quot;created_timestamp&quot;:&quot;1671620418&quot;,&quot;copyright&quot;:&quot;&quot;,&quot;focal_length&quot;:&quot;40&quot;,&quot;iso&quot;:&quot;4000&quot;,&quot;shutter_speed&quot;:&quot;0.002&quot;,&quot;title&quot;:&quot;&quot;,&quot;orientation&quot;:&quot;0&quot;}\" data-image-title=\"DFFDialogosEFEConsejoFarmaceutico-4\" data-image-description=\"\" data-image-caption=\"&lt;p&gt;Ana C\u00e9spedes. FOTO EFE \/David Fern\u00e1ndez&lt;\/p&gt;\n\" data-medium-file=\"https:\/\/efesalud.com\/wp-content\/uploads\/2022\/12\/DFFDialogosEFEConsejoFarmaceutico-4-300x185.jpg\" data-large-file=\"https:\/\/efesalud.com\/wp-content\/uploads\/2022\/12\/DFFDialogosEFEConsejoFarmaceutico-4-1024x633.jpg\" data-src=\"https:\/\/efesalud.com\/wp-content\/uploads\/2022\/12\/DFFDialogosEFEConsejoFarmaceutico-4-1024x633.jpg\" data-srcset=\"https:\/\/efesalud.com\/wp-content\/uploads\/2022\/12\/DFFDialogosEFEConsejoFarmaceutico-4-1024x633.jpg 1024w, https:\/\/efesalud.com\/wp-content\/uploads\/2022\/12\/DFFDialogosEFEConsejoFarmaceutico-4-300x185.jpg 300w, https:\/\/efesalud.com\/wp-content\/uploads\/2022\/12\/DFFDialogosEFEConsejoFarmaceutico-4-768x475.jpg 768w, https:\/\/efesalud.com\/wp-content\/uploads\/2022\/12\/DFFDialogosEFEConsejoFarmaceutico-4-1536x950.jpg 1536w, https:\/\/efesalud.com\/wp-content\/uploads\/2022\/12\/DFFDialogosEFEConsejoFarmaceutico-4-1200x742.jpg 1200w, https:\/\/efesalud.com\/wp-content\/uploads\/2022\/12\/DFFDialogosEFEConsejoFarmaceutico-4.jpg 1920w\" data-sizes=\"auto\" \/><figcaption class=\"wp-element-caption\">Ana C\u00e9spedes (Instituto ProPatiens). FOTO EFE \/David Fern\u00e1ndez<\/figcaption><\/figure>\n<p>As\u00ed\u00a0Ana C\u00e9spedes\u00a0ha abogado porque\u00a0el farmac\u00e9utico del futuro se convierta en un agente de salud que\u00a0ayude al paciente en problemas menores y tambi\u00e9n que le ayude comprender las novedades\u00a0terap\u00e9uticas, en coordinaci\u00f3n con el m\u00e9dico, y adem\u00e1s pueda tener acceso a parte de su historia cl\u00ednica para realizar mejor esta labor.<\/p>\n<p>La proximidad y comunicaci\u00f3n con el usuario lleva a que el farmac\u00e9utico conozca bien sus h\u00e1bitos\u00a0de vida , si duerme bien o mal o lo que come o el ejercicio f\u00edsico que realiza, \u201cy tal vez ser\u00eda interesante\u00a0que estos datos se pudieran a\u00f1adir en su historia cl\u00ednica\u201d, ha a\u00f1adido.<\/p>\n<p>Tambi\u00e9n ha recordado que pacientes somos todos y y ha considerado que necesitamos mayor educaci\u00f3n en salud: \u201cA veces es sorprendente el desconocimiento\u00a0de patolog\u00edas\u00a0que se pueden prevenir y ah\u00ed el farmac\u00e9utico puede intervenir tambi\u00e9n, porque su comunicaci\u00f3n con el paciente es m\u00e1s de t\u00fa a t\u00fa\u201d.<\/p>\n<figure class=\"wp-block-image size-large\"><img loading=\"lazy\" decoding=\"async\" class=\"wp-image-297140 lazyautosizes lazyloaded\" style=\"box-sizing: border-box; height: auto; max-width: 100%; border-style: none; vertical-align: bottom; transition: all 0.3s ease-out 0s; display: inline-block; margin-bottom: 5px !important;\" src=\"https:\/\/efesalud.com\/wp-content\/uploads\/2022\/12\/DFFDialogosEFEConsejoFarmaceutico-3-1024x683.jpg\" sizes=\"auto, 646px\" srcset=\"https:\/\/efesalud.com\/wp-content\/uploads\/2022\/12\/DFFDialogosEFEConsejoFarmaceutico-3-1024x683.jpg 1024w, https:\/\/efesalud.com\/wp-content\/uploads\/2022\/12\/DFFDialogosEFEConsejoFarmaceutico-3-300x200.jpg 300w, https:\/\/efesalud.com\/wp-content\/uploads\/2022\/12\/DFFDialogosEFEConsejoFarmaceutico-3-768x512.jpg 768w, https:\/\/efesalud.com\/wp-content\/uploads\/2022\/12\/DFFDialogosEFEConsejoFarmaceutico-3-1536x1024.jpg 1536w, https:\/\/efesalud.com\/wp-content\/uploads\/2022\/12\/DFFDialogosEFEConsejoFarmaceutico-3-1200x800.jpg 1200w, https:\/\/efesalud.com\/wp-content\/uploads\/2022\/12\/DFFDialogosEFEConsejoFarmaceutico-3.jpg 1920w\" alt=\"farmacias salud\" width=\"1024\" height=\"683\" data-attachment-id=\"297140\" data-permalink=\"https:\/\/efesalud.com\/farmacias-protagonismo-sistema-salud\/dffdialogosefeconsejofarmaceutico-3\/\" data-orig-file=\"https:\/\/efesalud.com\/wp-content\/uploads\/2022\/12\/DFFDialogosEFEConsejoFarmaceutico-3.jpg\" data-orig-size=\"1920,1280\" data-comments-opened=\"0\" data-image-meta=\"{&quot;aperture&quot;:&quot;5.6&quot;,&quot;credit&quot;:&quot;David Fernandez&quot;,&quot;camera&quot;:&quot;Canon EOS 5D Mark IV&quot;,&quot;caption&quot;:&quot;&quot;,&quot;created_timestamp&quot;:&quot;1671620167&quot;,&quot;copyright&quot;:&quot;&quot;,&quot;focal_length&quot;:&quot;65&quot;,&quot;iso&quot;:&quot;4000&quot;,&quot;shutter_speed&quot;:&quot;0.002&quot;,&quot;title&quot;:&quot;&quot;,&quot;orientation&quot;:&quot;0&quot;}\" data-image-title=\"DFFDialogosEFEConsejoFarmaceutico-3\" data-image-description=\"\" data-image-caption=\"&lt;p&gt;Luis de Palacio. FOTO EFE\/ David Fern\u00e1ndez&lt;\/p&gt;\n\" data-medium-file=\"https:\/\/efesalud.com\/wp-content\/uploads\/2022\/12\/DFFDialogosEFEConsejoFarmaceutico-3-300x200.jpg\" data-large-file=\"https:\/\/efesalud.com\/wp-content\/uploads\/2022\/12\/DFFDialogosEFEConsejoFarmaceutico-3-1024x683.jpg\" data-src=\"https:\/\/efesalud.com\/wp-content\/uploads\/2022\/12\/DFFDialogosEFEConsejoFarmaceutico-3-1024x683.jpg\" data-srcset=\"https:\/\/efesalud.com\/wp-content\/uploads\/2022\/12\/DFFDialogosEFEConsejoFarmaceutico-3-1024x683.jpg 1024w, https:\/\/efesalud.com\/wp-content\/uploads\/2022\/12\/DFFDialogosEFEConsejoFarmaceutico-3-300x200.jpg 300w, https:\/\/efesalud.com\/wp-content\/uploads\/2022\/12\/DFFDialogosEFEConsejoFarmaceutico-3-768x512.jpg 768w, https:\/\/efesalud.com\/wp-content\/uploads\/2022\/12\/DFFDialogosEFEConsejoFarmaceutico-3-1536x1024.jpg 1536w, https:\/\/efesalud.com\/wp-content\/uploads\/2022\/12\/DFFDialogosEFEConsejoFarmaceutico-3-1200x800.jpg 1200w, https:\/\/efesalud.com\/wp-content\/uploads\/2022\/12\/DFFDialogosEFEConsejoFarmaceutico-3.jpg 1920w\" data-sizes=\"auto\" \/><figcaption class=\"wp-element-caption\">Luis de Palacio (Federaci\u00f3n Empresarial de Farmac\u00e9uticos Espa\u00f1oles).FOTO EFE\/ David Fern\u00e1ndez<\/figcaption><\/figure>\n<p>Tambi\u00e9n\u00a0Luis de Palacio,\u00a0presidente de la Federaci\u00f3n Empresarial de Farmac\u00e9uticos Espa\u00f1oles (FEFE), ha abogado por conferir una mayor integraci\u00f3n del farmac\u00e9utico\u00a0en el sistema de salud,\u00a0y ha destacado como la farmacia aporta la m\u00e1xima eficiencia posible en tres \u00e1mbitos, en seguridad, accesibilidad y en coste, \u201cporque log\u00edsticamente sigue siendo imbatible\u201d.<\/p>\n<p>Palacio ha apuntado que en Francia, por ejemplo, ya hay\u00a0regiones donde la colaboraci\u00f3n de las farmacias es entendida como parte de la atenci\u00f3n primaria, y lo que se busca\u00a0es \u201cpoder asistir a la poblaci\u00f3n\u00a0resolviendo un primer problema o informaci\u00f3n, o redireccionar a los pacientes a un especialista, parametrizar protocolos para ahorrar tiempo y problemas\u201d.<\/p>\n<p>A su juicio, los farmac\u00e9uticos\u00a0tienen infrautilizadas\u00a0las oficinas de farmacia, y hay cantidad de campos en los que pueden intervenir, como nutrici\u00f3n, h\u00e1bitos\u00a0saludables, problemas de sue\u00f1o, \u201cjusto las que mayor impacto pueden tener en la calidad de vida y se pueden tratar en la farmacia\u201d.<\/p>\n<h2 class=\"wp-block-heading\">Farmacias y salud: el papel de la prevenci\u00f3n<\/h2>\n<figure class=\"wp-block-image size-large\"><img loading=\"lazy\" decoding=\"async\" class=\"wp-image-297141 lazyautosizes lazyloaded\" style=\"box-sizing: border-box; height: auto; max-width: 100%; border-style: none; vertical-align: bottom; transition: all 0.3s ease-out 0s; display: inline-block; margin-bottom: 5px !important;\" src=\"https:\/\/efesalud.com\/wp-content\/uploads\/2022\/12\/DFFDialogosEFEConsejoFarmaceutico-2-1024x683.jpg\" sizes=\"auto, 646px\" srcset=\"https:\/\/efesalud.com\/wp-content\/uploads\/2022\/12\/DFFDialogosEFEConsejoFarmaceutico-2-1024x683.jpg 1024w, https:\/\/efesalud.com\/wp-content\/uploads\/2022\/12\/DFFDialogosEFEConsejoFarmaceutico-2-300x200.jpg 300w, https:\/\/efesalud.com\/wp-content\/uploads\/2022\/12\/DFFDialogosEFEConsejoFarmaceutico-2-768x512.jpg 768w, https:\/\/efesalud.com\/wp-content\/uploads\/2022\/12\/DFFDialogosEFEConsejoFarmaceutico-2-1536x1024.jpg 1536w, https:\/\/efesalud.com\/wp-content\/uploads\/2022\/12\/DFFDialogosEFEConsejoFarmaceutico-2-1200x800.jpg 1200w, https:\/\/efesalud.com\/wp-content\/uploads\/2022\/12\/DFFDialogosEFEConsejoFarmaceutico-2.jpg 1920w\" alt=\"farmacias salud\" width=\"1024\" height=\"683\" data-attachment-id=\"297141\" data-permalink=\"https:\/\/efesalud.com\/farmacias-protagonismo-sistema-salud\/dffdialogosefeconsejofarmaceutico-2\/\" data-orig-file=\"https:\/\/efesalud.com\/wp-content\/uploads\/2022\/12\/DFFDialogosEFEConsejoFarmaceutico-2.jpg\" data-orig-size=\"1920,1280\" data-comments-opened=\"0\" data-image-meta=\"{&quot;aperture&quot;:&quot;5.6&quot;,&quot;credit&quot;:&quot;David Fernandez&quot;,&quot;camera&quot;:&quot;Canon EOS 5D Mark IV&quot;,&quot;caption&quot;:&quot;&quot;,&quot;created_timestamp&quot;:&quot;1671620117&quot;,&quot;copyright&quot;:&quot;&quot;,&quot;focal_length&quot;:&quot;45&quot;,&quot;iso&quot;:&quot;4000&quot;,&quot;shutter_speed&quot;:&quot;0.002&quot;,&quot;title&quot;:&quot;&quot;,&quot;orientation&quot;:&quot;0&quot;}\" data-image-title=\"DFFDialogosEFEConsejoFarmaceutico-2\" data-image-description=\"\" data-image-caption=\"&lt;p&gt;Alejandro Anca. FOTO EFE\/David Fern\u00e1ndez&lt;\/p&gt;\n\" data-medium-file=\"https:\/\/efesalud.com\/wp-content\/uploads\/2022\/12\/DFFDialogosEFEConsejoFarmaceutico-2-300x200.jpg\" data-large-file=\"https:\/\/efesalud.com\/wp-content\/uploads\/2022\/12\/DFFDialogosEFEConsejoFarmaceutico-2-1024x683.jpg\" data-src=\"https:\/\/efesalud.com\/wp-content\/uploads\/2022\/12\/DFFDialogosEFEConsejoFarmaceutico-2-1024x683.jpg\" data-srcset=\"https:\/\/efesalud.com\/wp-content\/uploads\/2022\/12\/DFFDialogosEFEConsejoFarmaceutico-2-1024x683.jpg 1024w, https:\/\/efesalud.com\/wp-content\/uploads\/2022\/12\/DFFDialogosEFEConsejoFarmaceutico-2-300x200.jpg 300w, https:\/\/efesalud.com\/wp-content\/uploads\/2022\/12\/DFFDialogosEFEConsejoFarmaceutico-2-768x512.jpg 768w, https:\/\/efesalud.com\/wp-content\/uploads\/2022\/12\/DFFDialogosEFEConsejoFarmaceutico-2-1536x1024.jpg 1536w, https:\/\/efesalud.com\/wp-content\/uploads\/2022\/12\/DFFDialogosEFEConsejoFarmaceutico-2-1200x800.jpg 1200w, https:\/\/efesalud.com\/wp-content\/uploads\/2022\/12\/DFFDialogosEFEConsejoFarmaceutico-2.jpg 1920w\" data-sizes=\"auto\" \/><figcaption class=\"wp-element-caption\">Alejandro Anca, farmac\u00e9utico comunitario. FOTO EFE\/David Fern\u00e1ndez<\/figcaption><\/figure>\n<p>Y en este proyecto de futuro en el que las farmacias tengan un papel m\u00e1s vinculado a la protecci\u00f3n de la salud de los usuarios cobra \u201cun doble sentido la prevenci\u00f3n\u201d, ha insistido tambi\u00e9n el farmac\u00e9utico comunitario\u00a0Alejandro Anca, para quien la farmacia deber\u00eda ser\u00a0eje transversal de un\u00a0trabajo multidisciplinar.<\/p>\n<p>En su opini\u00f3n, el\u00a0paciente demanda que la farmacia \u201csea m\u00e1s actora, tenga m\u00e1s poder, pueda tratar m\u00e1s su problema\u201d, y los farmac\u00e9uticos tienen todas las herramientas para ello, as\u00ed como el conocimiento \u201cque est\u00e1 desaprovechado\u201d.<\/p>\n<p>Para Anca, el conocimiento de los farmac\u00e9uticos est\u00e1 desaprovechado, y las farmacias pueden ser un primer filtro y establecer citas o pautar medicamentos en dolencias no complejas.<\/p>\n<figure class=\"wp-block-image size-large\"><img loading=\"lazy\" decoding=\"async\" class=\"wp-image-297144 lazyautosizes lazyloaded\" style=\"box-sizing: border-box; height: auto; max-width: 100%; border-style: none; vertical-align: bottom; transition: all 0.3s ease-out 0s; display: inline-block; margin-bottom: 5px !important;\" src=\"https:\/\/efesalud.com\/wp-content\/uploads\/2022\/12\/DFFDialogosEFEConsejoFarmaceutico-1-3-1024x670.jpg\" sizes=\"auto, 646px\" srcset=\"https:\/\/efesalud.com\/wp-content\/uploads\/2022\/12\/DFFDialogosEFEConsejoFarmaceutico-1-3-1024x670.jpg 1024w, https:\/\/efesalud.com\/wp-content\/uploads\/2022\/12\/DFFDialogosEFEConsejoFarmaceutico-1-3-300x196.jpg 300w, https:\/\/efesalud.com\/wp-content\/uploads\/2022\/12\/DFFDialogosEFEConsejoFarmaceutico-1-3-768x503.jpg 768w, https:\/\/efesalud.com\/wp-content\/uploads\/2022\/12\/DFFDialogosEFEConsejoFarmaceutico-1-3-1536x1006.jpg 1536w, https:\/\/efesalud.com\/wp-content\/uploads\/2022\/12\/DFFDialogosEFEConsejoFarmaceutico-1-3-1200x786.jpg 1200w, https:\/\/efesalud.com\/wp-content\/uploads\/2022\/12\/DFFDialogosEFEConsejoFarmaceutico-1-3.jpg 1920w\" alt=\"farmacias salud\" width=\"1024\" height=\"670\" data-attachment-id=\"297144\" data-permalink=\"https:\/\/efesalud.com\/farmacias-protagonismo-sistema-salud\/dffdialogosefeconsejofarmaceutico-1-3\/\" data-orig-file=\"https:\/\/efesalud.com\/wp-content\/uploads\/2022\/12\/DFFDialogosEFEConsejoFarmaceutico-1-3.jpg\" data-orig-size=\"1920,1257\" data-comments-opened=\"0\" data-image-meta=\"{&quot;aperture&quot;:&quot;5.6&quot;,&quot;credit&quot;:&quot;David Fernandez&quot;,&quot;camera&quot;:&quot;Canon EOS 5D Mark IV&quot;,&quot;caption&quot;:&quot;&quot;,&quot;created_timestamp&quot;:&quot;1671620063&quot;,&quot;copyright&quot;:&quot;&quot;,&quot;focal_length&quot;:&quot;32&quot;,&quot;iso&quot;:&quot;5000&quot;,&quot;shutter_speed&quot;:&quot;0.002&quot;,&quot;title&quot;:&quot;&quot;,&quot;orientation&quot;:&quot;0&quot;}\" data-image-title=\"DFFDialogosEFEConsejoFarmaceutico-1-3\" data-image-description=\"\" data-image-caption=\"&lt;p&gt;Rub\u00e9n Palomo.FOTO EFE. David Fern\u00e1ndez&lt;\/p&gt;\n\" data-medium-file=\"https:\/\/efesalud.com\/wp-content\/uploads\/2022\/12\/DFFDialogosEFEConsejoFarmaceutico-1-3-300x196.jpg\" data-large-file=\"https:\/\/efesalud.com\/wp-content\/uploads\/2022\/12\/DFFDialogosEFEConsejoFarmaceutico-1-3-1024x670.jpg\" data-src=\"https:\/\/efesalud.com\/wp-content\/uploads\/2022\/12\/DFFDialogosEFEConsejoFarmaceutico-1-3-1024x670.jpg\" data-srcset=\"https:\/\/efesalud.com\/wp-content\/uploads\/2022\/12\/DFFDialogosEFEConsejoFarmaceutico-1-3-1024x670.jpg 1024w, https:\/\/efesalud.com\/wp-content\/uploads\/2022\/12\/DFFDialogosEFEConsejoFarmaceutico-1-3-300x196.jpg 300w, https:\/\/efesalud.com\/wp-content\/uploads\/2022\/12\/DFFDialogosEFEConsejoFarmaceutico-1-3-768x503.jpg 768w, https:\/\/efesalud.com\/wp-content\/uploads\/2022\/12\/DFFDialogosEFEConsejoFarmaceutico-1-3-1536x1006.jpg 1536w, https:\/\/efesalud.com\/wp-content\/uploads\/2022\/12\/DFFDialogosEFEConsejoFarmaceutico-1-3-1200x786.jpg 1200w, https:\/\/efesalud.com\/wp-content\/uploads\/2022\/12\/DFFDialogosEFEConsejoFarmaceutico-1-3.jpg 1920w\" data-sizes=\"auto\" \/><figcaption class=\"wp-element-caption\">Rub\u00e9n Palomo (Cofares y Welnia).FOTO EFE. David Fern\u00e1ndez<\/figcaption><\/figure>\n<p>Finalmente y en relaci\u00f3n a la importancia de la\u00a0digitalizaci\u00f3n\u00a0y el uso\u00a0\u00a0de las nuevas tecnolog\u00edas,\u00a0Rub\u00e9n Palomo, ha considerado que suponen\u00a0 la ventana perfecta para el papel que quiere jugar la farmacia en un futuro y abren una oportunidad de comunicaci\u00f3n y nuevos modelos de acercamiento a los usuarios m\u00e1s j\u00f3venes, que tambi\u00e9n buscan una atenci\u00f3n personalizada.<\/p>\n<p>Tambi\u00e9n ha considerado que el\u00a0farmac\u00e9utico\u00a0puede jugar un papel de acompa\u00f1amiento y que est\u00e1 legitimado asimismo para aconsejar y las nuevas herramientas tecnol\u00f3gicas pueden potenciar este papel y abren la oportunidad de conocer mejor al paciente.<\/p>\n<p>As\u00ed ha explicado que\u00a0Welnia se ha proyectado como la soluci\u00f3n digital de Cofares para que las farmacias den el paso a la digitalizaci\u00f3n, sin perder de vista el car\u00e1cter presencial\u00a0y cercano que caracteriza\u00a0 a todas\u00a0las oficinas farmac\u00e9uticas .<\/p>\n<p>EFESALUD<\/p>\n","protected":false},"excerpt":{"rendered":"<p>Este mayor protagonismo de las farmacias en el sistema de salud ha sido defendido por\u00a0Ana C\u00e9spedes,\u00a0en su calidad de miembro del\u00a0comit\u00e9 cient\u00edfico asesor del Instituto ProPatiens;\u00a0Luis de Palacio,\u00a0presidente de la\u00a0Federaci\u00f3n Empresarial de Farmac\u00e9uticos Espa\u00f1oles\u00a0(FEFE);\u00a0Alejandro Anca,\u00a0farmac\u00e9utico comunitario; y\u00a0Rub\u00e9n Palomo, director de\u00a0Welnia, servicio digital para las farmacias del\u00a0Grupo Cofares, empresa l\u00edder en distribuci\u00f3n de medicamentos. Todos ellos [&hellip;]<\/p>\n","protected":false},"author":19,"featured_media":234252,"comment_status":"closed","ping_status":"closed","sticky":false,"template":"","format":"standard","meta":{"footnotes":""},"categories":[19],"tags":[],"class_list":{"0":"post-234251","1":"post","2":"type-post","3":"status-publish","4":"format-standard","5":"has-post-thumbnail","7":"category-salud"},"_links":{"self":[{"href":"https:\/\/elluchador.info\/index.php?rest_route=\/wp\/v2\/posts\/234251","targetHints":{"allow":["GET"]}}],"collection":[{"href":"https:\/\/elluchador.info\/index.php?rest_route=\/wp\/v2\/posts"}],"about":[{"href":"https:\/\/elluchador.info\/index.php?rest_route=\/wp\/v2\/types\/post"}],"author":[{"embeddable":true,"href":"https:\/\/elluchador.info\/index.php?rest_route=\/wp\/v2\/users\/19"}],"replies":[{"embeddable":true,"href":"https:\/\/elluchador.info\/index.php?rest_route=%2Fwp%2Fv2%2Fcomments&post=234251"}],"version-history":[{"count":1,"href":"https:\/\/elluchador.info\/index.php?rest_route=\/wp\/v2\/posts\/234251\/revisions"}],"predecessor-version":[{"id":234253,"href":"https:\/\/elluchador.info\/index.php?rest_route=\/wp\/v2\/posts\/234251\/revisions\/234253"}],"wp:featuredmedia":[{"embeddable":true,"href":"https:\/\/elluchador.info\/index.php?rest_route=\/wp\/v2\/media\/234252"}],"wp:attachment":[{"href":"https:\/\/elluchador.info\/index.php?rest_route=%2Fwp%2Fv2%2Fmedia&parent=234251"}],"wp:term":[{"taxonomy":"category","embeddable":true,"href":"https:\/\/elluchador.info\/index.php?rest_route=%2Fwp%2Fv2%2Fcategories&post=234251"},{"taxonomy":"post_tag","embeddable":true,"href":"https:\/\/elluchador.info\/index.php?rest_route=%2Fwp%2Fv2%2Ftags&post=234251"}],"curies":[{"name":"wp","href":"https:\/\/api.w.org\/{rel}","templated":true}]}}