{"id":234261,"date":"2022-12-26T10:37:09","date_gmt":"2022-12-26T14:37:09","guid":{"rendered":"https:\/\/elluchador.info\/web\/?p=234261"},"modified":"2022-12-26T10:37:09","modified_gmt":"2022-12-26T14:37:09","slug":"fundacion-hidra-del-orinoco-brindo-alegria-navidena-a-ninos-de-ciudad-bolivar","status":"publish","type":"post","link":"https:\/\/elluchador.info\/?p=234261","title":{"rendered":"Fundaci\u00f3n Hidra del Orinoco brind\u00f3 alegr\u00eda navide\u00f1a a ni\u00f1os de Ciudad Bol\u00edvar"},"content":{"rendered":"<p>Grandes emociones se vivieron en la v\u00edspera de la Navidad desde las instalaciones de la iglesia San Pablo, con la atenci\u00f3n de 52 ni\u00f1os y ni\u00f1as que hacen vida en el vertedero municipal, gracias a la mano amiga de la Fundaci\u00f3n Hidra del Orinoco.<\/p>\n<p>Los peque\u00f1os en edades comprendidas entre los 6 y 12 a\u00f1os, recibieron juguetes, ropa, calzado, cotillones, entre otros enseres y degustaron una suculenta sopa, como muestra de amor de los bolivarenses que se sumaron a la invitaci\u00f3n haciendo de esta jornada social un gran \u00e9xito.<\/p>\n<p><img loading=\"lazy\" decoding=\"async\" class=\" wp-image-234262 aligncenter\" src=\"https:\/\/elluchador.info\/web\/wp-content\/uploads\/2022\/12\/WhatsApp-Image-2022-12-26-at-9.58.34-AM-1-225x300.jpeg\" alt=\"\" width=\"192\" height=\"256\" srcset=\"https:\/\/elluchador.info\/wp-content\/uploads\/2022\/12\/WhatsApp-Image-2022-12-26-at-9.58.34-AM-1-225x300.jpeg 225w, https:\/\/elluchador.info\/wp-content\/uploads\/2022\/12\/WhatsApp-Image-2022-12-26-at-9.58.34-AM-1-768x1024.jpeg 768w, https:\/\/elluchador.info\/wp-content\/uploads\/2022\/12\/WhatsApp-Image-2022-12-26-at-9.58.34-AM-1-315x420.jpeg 315w, https:\/\/elluchador.info\/wp-content\/uploads\/2022\/12\/WhatsApp-Image-2022-12-26-at-9.58.34-AM-1-640x853.jpeg 640w, https:\/\/elluchador.info\/wp-content\/uploads\/2022\/12\/WhatsApp-Image-2022-12-26-at-9.58.34-AM-1-681x908.jpeg 681w, https:\/\/elluchador.info\/wp-content\/uploads\/2022\/12\/WhatsApp-Image-2022-12-26-at-9.58.34-AM-1.jpeg 780w\" sizes=\"auto, (max-width: 192px) 100vw, 192px\" \/><\/p>\n<p>As\u00ed lo indic\u00f3 Am\u00edlcar Brancaleoni, presidente de la fundaci\u00f3n Hidra del Orinoco, quien destac\u00f3 que durante la jornada tambi\u00e9n se llevaron a cabo actividades recreativas, ginkanas, pintacaritas.<\/p>\n<p>\u201cFue muy gratificante ver las caras de felicidad de los ni\u00f1os, ya que muchos de ellas jam\u00e1s hab\u00edan disfrutado de una actividad como esta. Sus caritas de sorpresas es una emoci\u00f3n indescriptible\u201d, se\u00f1al\u00f3 Brancaleoni.<\/p>\n<p><img loading=\"lazy\" decoding=\"async\" class=\" wp-image-234263 aligncenter\" src=\"https:\/\/elluchador.info\/web\/wp-content\/uploads\/2022\/12\/WhatsApp-Image-2022-12-26-at-9.58.34-AM-300x135.jpeg\" alt=\"\" width=\"333\" height=\"150\" srcset=\"https:\/\/elluchador.info\/wp-content\/uploads\/2022\/12\/WhatsApp-Image-2022-12-26-at-9.58.34-AM-300x135.jpeg 300w, https:\/\/elluchador.info\/wp-content\/uploads\/2022\/12\/WhatsApp-Image-2022-12-26-at-9.58.34-AM-768x346.jpeg 768w, https:\/\/elluchador.info\/wp-content\/uploads\/2022\/12\/WhatsApp-Image-2022-12-26-at-9.58.34-AM-933x420.jpeg 933w, https:\/\/elluchador.info\/wp-content\/uploads\/2022\/12\/WhatsApp-Image-2022-12-26-at-9.58.34-AM-640x288.jpeg 640w, https:\/\/elluchador.info\/wp-content\/uploads\/2022\/12\/WhatsApp-Image-2022-12-26-at-9.58.34-AM-681x306.jpeg 681w, https:\/\/elluchador.info\/wp-content\/uploads\/2022\/12\/WhatsApp-Image-2022-12-26-at-9.58.34-AM.jpeg 1020w\" sizes=\"auto, (max-width: 333px) 100vw, 333px\" \/><\/p>\n<p>A la actividad se sumaron los integrantes del Club Empresarial de Leones representados por su presidente, Nerio Requena y un equipo comprometido con el quehacer de la ciudad<\/p>\n<p>Finalmente, el presidente de la fundaci\u00f3n hizo un llamado a la colectividad del municipio Angostura del Orinoco \u201ca incorporarse a apoyar \u00e9ste tipo de iniciativas en pro del desarrollo de las comunidades y su gente, de la mano con instituciones sin fines de lucro como lo es la Fundaci\u00f3n Hidra del Orinoco\u201d.<\/p>\n<p><strong>GLEDIS BONILLA<\/strong> (Con informaci\u00f3n de FHO)<\/p>\n","protected":false},"excerpt":{"rendered":"<p>Grandes emociones se vivieron en la v\u00edspera de la Navidad desde las instalaciones de la iglesia San Pablo, con la atenci\u00f3n de 52 ni\u00f1os y ni\u00f1as que hacen vida en el vertedero municipal, gracias a la mano amiga de la Fundaci\u00f3n Hidra del Orinoco. Los peque\u00f1os en edades comprendidas entre los 6 y 12 a\u00f1os, [&hellip;]<\/p>\n","protected":false},"author":33,"featured_media":234264,"comment_status":"closed","ping_status":"closed","sticky":false,"template":"","format":"standard","meta":{"footnotes":""},"categories":[2,5],"tags":[],"class_list":{"0":"post-234261","1":"post","2":"type-post","3":"status-publish","4":"format-standard","5":"has-post-thumbnail","7":"category-comunidad","8":"category-destacado"},"_links":{"self":[{"href":"https:\/\/elluchador.info\/index.php?rest_route=\/wp\/v2\/posts\/234261","targetHints":{"allow":["GET"]}}],"collection":[{"href":"https:\/\/elluchador.info\/index.php?rest_route=\/wp\/v2\/posts"}],"about":[{"href":"https:\/\/elluchador.info\/index.php?rest_route=\/wp\/v2\/types\/post"}],"author":[{"embeddable":true,"href":"https:\/\/elluchador.info\/index.php?rest_route=\/wp\/v2\/users\/33"}],"replies":[{"embeddable":true,"href":"https:\/\/elluchador.info\/index.php?rest_route=%2Fwp%2Fv2%2Fcomments&post=234261"}],"version-history":[{"count":1,"href":"https:\/\/elluchador.info\/index.php?rest_route=\/wp\/v2\/posts\/234261\/revisions"}],"predecessor-version":[{"id":234265,"href":"https:\/\/elluchador.info\/index.php?rest_route=\/wp\/v2\/posts\/234261\/revisions\/234265"}],"wp:featuredmedia":[{"embeddable":true,"href":"https:\/\/elluchador.info\/index.php?rest_route=\/wp\/v2\/media\/234264"}],"wp:attachment":[{"href":"https:\/\/elluchador.info\/index.php?rest_route=%2Fwp%2Fv2%2Fmedia&parent=234261"}],"wp:term":[{"taxonomy":"category","embeddable":true,"href":"https:\/\/elluchador.info\/index.php?rest_route=%2Fwp%2Fv2%2Fcategories&post=234261"},{"taxonomy":"post_tag","embeddable":true,"href":"https:\/\/elluchador.info\/index.php?rest_route=%2Fwp%2Fv2%2Ftags&post=234261"}],"curies":[{"name":"wp","href":"https:\/\/api.w.org\/{rel}","templated":true}]}}