{"id":234290,"date":"2022-12-26T15:45:11","date_gmt":"2022-12-26T19:45:11","guid":{"rendered":"https:\/\/elluchador.info\/web\/?p=234290"},"modified":"2022-12-26T15:45:11","modified_gmt":"2022-12-26T19:45:11","slug":"virus-respiratorios-ataca-a-ninos-de-latinoamerica","status":"publish","type":"post","link":"https:\/\/elluchador.info\/?p=234290","title":{"rendered":"Virus respiratorios ataca a ni\u00f1os de Latinoam\u00e9rica"},"content":{"rendered":"<p>Los ni\u00f1os latinoamericanos enfrentan en la actualidad una triple amenaza de virus respiratorios, de los cuales el sincitial est\u00e1 atacando con fuerza a los beb\u00e9s de pocos d\u00edas de nacidos, por lo que los expertos urgen a extremar las medidas preventivas y evitar exponer a los menores a aglomeraciones.<\/p>\n<p>Los expertos han llamado al fen\u00f3meno como una \u00abtripledemia\u00bb conformada por el virus sincitial respiratorio, la covid-19 y la gripe estacional, lo cual est\u00e1 causando un aumento de las hospitalizaciones de menores e incluso ha provocado en alg\u00fan momento de este a\u00f1o la saturaci\u00f3n de servicios hospitalarios en varios o picos elevados de casos.<\/p>\n<p>Los dos primeros a\u00f1os de la pandemia de la covid-19, en los que se cerraron centros educativos en la regi\u00f3n latinoamericana, oblig\u00f3 a los padres de familia a mantener a los ni\u00f1os en casa y a limitar su interacci\u00f3n social.<\/p>\n<h3><strong>No desarrollaron defensas ante los virus<\/strong><\/h3>\n<p>Esta medida, si bien es cierto ten\u00eda como fin la protecci\u00f3n de los menores y sus familias, tambi\u00e9n caus\u00f3 que los ni\u00f1os no estuvieran expuestos a otros virus y no desarrollar\u00e1n las defensas respectivas.<\/p>\n<p>La neum\u00f3loga pediatra del Hospital Nacional de Ni\u00f1os de Costa Rica, Lydiana \u00c1vila, dijo a EFE que esta situaci\u00f3n ha provocado que la cantidad de ni\u00f1os susceptibles al virus sincitial sea mayor.<\/p>\n<p>\u00abEl virus sincitial es un virus que en todos los pa\u00edses tiene \u00e9pocas en las que circula y afecta a los ni\u00f1os menores de 2 a\u00f1os. A los 4 a\u00f1os, ya el 90 % de la poblaci\u00f3n pedi\u00e1trica tiene anticuerpos contra el virus sincitial, que los adquiere en sus primeros a\u00f1os cuando sufre la infecci\u00f3n o cuando la madre pasa los anticuerpos a los beb\u00e9s en el \u00fatero o mediante la lactancia materna\u00bb, explic\u00f3 \u00c1vila.<\/p>\n<p>La especialista detall\u00f3 que de 100 ni\u00f1os que se enferman por virus sincitial hay 5 que generalmente se internan en un hospital.<\/p>\n<p>\u00abSin embargo, este a\u00f1o hemos visto algo at\u00edpico y los datos los vamos a sacar de forma retrospectiva porque hay una mayor cantidad de susceptibles que no se enfermaron en 2020 y 2021\u00bb, coment\u00f3 \u00c1vila.<\/p>\n<p>En noviembre pasado, la directora de la Organizaci\u00f3n Panamericana de la Salud, Carissa Etienne, alert\u00f3 sobre la \u00abtriple amenaza\u00bb de virus respiratorios en la regi\u00f3n e insisti\u00f3 en la importancia de las medidas preventivas y la vacunaci\u00f3n.<\/p>\n<p>M\u00e1s de 100.000 menores de cinco a\u00f1os fallecieron en 2019 por infecciones respiratorias asociadas a este virus en todo el mundo, el 97 % en pa\u00edses de ingresos medios o bajos, seg\u00fan datos oficiales.<\/p>\n<h3><strong>Prevenci\u00f3n y tratamiento<\/strong><\/h3>\n<p>La tripledemia que afecta a la regi\u00f3n latinoamericana puede ser enfrentada por los padres de familia retomando las medidas preventivas que se aplicaron contra la covid-19.<\/p>\n<p>La directora de la fundaci\u00f3n Fiquires de Colombia, Martha Herrera, explic\u00f3 la importancia de las medidas preventivas y de que la poblaci\u00f3n haga conciencia del riesgo que corren los ni\u00f1os de pocos meses de nacidos de desarrollar una enfermedad grave a causa del virus sincitial respiratorio.<\/p>\n<p>\u00abLas maternas deben lavarse las manos a toda hora y tambi\u00e9n que donde hay ni\u00f1os reci\u00e9n nacidos o prematuros evitar las visitas hasta que los ni\u00f1os tengan 6 meses y el uso de tapabocas constante para protecci\u00f3n de los menores\u00bb, asever\u00f3.<\/p>\n<p>Herrera coment\u00f3 que los menores de 5 a\u00f1os est\u00e1n padeciendo dificultades respiratorias de forma agresiva, incluso con ingresos en unidades de cuidados intensivos en toda la regi\u00f3n.<\/p>\n<h3><strong>Promover campa\u00f1as de alto impacto<\/strong><\/h3>\n<p>Herrera hizo un llamado a los Gobiernos de Latinoam\u00e9rica a unirse para promover campa\u00f1as de alto impacto como las que se realizaron contra la covid-19, con relaci\u00f3n al virus sincitial.<\/p>\n<p>En cuanto al tratamiento, la neum\u00f3loga \u00c1vila dijo que no existe una cura ni una vacuna contra el virus sincitial respiratorio, pero s\u00ed hay un tratamiento con anticuerpo monoclonal para proteger a los lactantes, aunque su aplicaci\u00f3n depende de las pol\u00edticas sanitarias de cada pa\u00eds.<\/p>\n<p>El anticuerpo monoclonal nirsevimab tiene el \u00fanico anticuerpo aprobado por la EMA para ayudar a proteger a los lactantes de alto riesgo contra el virus, mientras que la FDA ha aprobado el Synagis de AstraZeneca, el \u00fanico anticuerpo monoclonal aprobado por esta agencia para la prevenci\u00f3n del VSR severo.<\/p>\n<p>&nbsp;<\/p>\n","protected":false},"excerpt":{"rendered":"<p>Los ni\u00f1os latinoamericanos enfrentan en la actualidad una triple amenaza de virus respiratorios, de los cuales el sincitial est\u00e1 atacando con fuerza a los beb\u00e9s de pocos d\u00edas de nacidos, por lo que los expertos urgen a extremar las medidas preventivas y evitar exponer a los menores a aglomeraciones. Los expertos han llamado al fen\u00f3meno [&hellip;]<\/p>\n","protected":false},"author":19,"featured_media":234291,"comment_status":"closed","ping_status":"closed","sticky":false,"template":"","format":"standard","meta":{"footnotes":""},"categories":[19],"tags":[],"class_list":{"0":"post-234290","1":"post","2":"type-post","3":"status-publish","4":"format-standard","5":"has-post-thumbnail","7":"category-salud"},"_links":{"self":[{"href":"https:\/\/elluchador.info\/index.php?rest_route=\/wp\/v2\/posts\/234290","targetHints":{"allow":["GET"]}}],"collection":[{"href":"https:\/\/elluchador.info\/index.php?rest_route=\/wp\/v2\/posts"}],"about":[{"href":"https:\/\/elluchador.info\/index.php?rest_route=\/wp\/v2\/types\/post"}],"author":[{"embeddable":true,"href":"https:\/\/elluchador.info\/index.php?rest_route=\/wp\/v2\/users\/19"}],"replies":[{"embeddable":true,"href":"https:\/\/elluchador.info\/index.php?rest_route=%2Fwp%2Fv2%2Fcomments&post=234290"}],"version-history":[{"count":1,"href":"https:\/\/elluchador.info\/index.php?rest_route=\/wp\/v2\/posts\/234290\/revisions"}],"predecessor-version":[{"id":234292,"href":"https:\/\/elluchador.info\/index.php?rest_route=\/wp\/v2\/posts\/234290\/revisions\/234292"}],"wp:featuredmedia":[{"embeddable":true,"href":"https:\/\/elluchador.info\/index.php?rest_route=\/wp\/v2\/media\/234291"}],"wp:attachment":[{"href":"https:\/\/elluchador.info\/index.php?rest_route=%2Fwp%2Fv2%2Fmedia&parent=234290"}],"wp:term":[{"taxonomy":"category","embeddable":true,"href":"https:\/\/elluchador.info\/index.php?rest_route=%2Fwp%2Fv2%2Fcategories&post=234290"},{"taxonomy":"post_tag","embeddable":true,"href":"https:\/\/elluchador.info\/index.php?rest_route=%2Fwp%2Fv2%2Ftags&post=234290"}],"curies":[{"name":"wp","href":"https:\/\/api.w.org\/{rel}","templated":true}]}}