{"id":234296,"date":"2022-12-26T16:22:04","date_gmt":"2022-12-26T20:22:04","guid":{"rendered":"https:\/\/elluchador.info\/web\/?p=234296"},"modified":"2022-12-26T16:22:04","modified_gmt":"2022-12-26T20:22:04","slug":"venezuela-establece-alianza-con-colombia-en-area-de-hemoderivados","status":"publish","type":"post","link":"https:\/\/elluchador.info\/?p=234296","title":{"rendered":"Venezuela establece alianza con Colombia en \u00e1rea de hemoderivados"},"content":{"rendered":"<p><b>Venezuela<\/b>\u00a0estableci\u00f3 una \u00ab<b>alianza estrat\u00e9gica<\/b>\u00bb con\u00a0<b>Colombia<\/b>\u00a0con la que busca la reactivaci\u00f3n de la principal planta estatal de producci\u00f3n de hemoderivados, inform\u00f3 este domingo el Ministerio de Salud.<\/p>\n<blockquote><p>\u00abSe dio inicio a la\u00a0<b>alianza estrat\u00e9gica colombo-venezolana<\/b>, para la activaci\u00f3n, inversi\u00f3n y recuperaci\u00f3n total de las \u00e1reas productivas de la planta de hemoderivados sangu\u00edneos\u00bb, indic\u00f3 la cartera en su cuenta de Twitter.<\/p><\/blockquote>\n<p>El\u00a0<b>Ministerio de Salud<\/b>\u00a0no ofreci\u00f3 mayores detalles sobre lo que implica este nuevo acuerdo entre ambos pa\u00edses.<\/p>\n<p>El presidente de la Confederaci\u00f3n de Industriales (<b>Conindustria<\/b>),\u00a0<b>Luigi Pisella<\/b>, dijo en un encuentro gubernamental y empresarial celebrado el pasado 17 de diciembre en Bogot\u00e1, que dicho sector apuesta por seguir\u00a0<b>fortaleciendo la relaci\u00f3n con Colombia<\/b>, lo que ha generado \u00abbeneficio mutuo y bienestar para ambos pueblos\u00bb.<\/p>\n<blockquote><p>\u00abEl empresariado venezolano, especialmente el sector industrial, har\u00e1 todo lo que est\u00e9 a su alcance para seguir fortaleciendo esos v\u00ednculos\u00bb, dijo Pisella, citado en una nota de prensa difundida por la organizaci\u00f3n gremial.<\/p><\/blockquote>\n<p>Destac\u00f3 los esfuerzos que se llevan a cabo desde los sectores oficiales y privados a fin de \u00ablograr una complementaci\u00f3n exitosa que permita avanzar en soluciones conjuntas y de beneficio mutuo\u00bb.<\/p>\n<div><\/div>\n<div>\n<blockquote class=\"twitter-tweet\" data-twitter-extracted-i1672086003287865216=\"true\">\n<p dir=\"ltr\" lang=\"es\"><a href=\"https:\/\/twitter.com\/hashtag\/308D%C3%ADasDeGesti%C3%B3nEficiente?src=hash&amp;ref_src=twsrc%5Etfw\">#308D\u00edasDeGesti\u00f3nEficiente<\/a>\u00a0se dio inicio a la alianza estrat\u00e9gica Colombo-Venezolana, para la activaci\u00f3n, inversi\u00f3n y recuperaci\u00f3n total de las \u00e1reas productivas de la planta de Hemoderivados Sangu\u00edneos\u00a0<a href=\"https:\/\/twitter.com\/QuimbiotecCA?ref_src=twsrc%5Etfw\">@QuimbiotecCA<\/a>.<a href=\"https:\/\/twitter.com\/hashtag\/RenaceLaEsperanza?src=hash&amp;ref_src=twsrc%5Etfw\">#RenaceLaEsperanza<\/a><a href=\"https:\/\/twitter.com\/hashtag\/JuntosPorCadaLatido?src=hash&amp;ref_src=twsrc%5Etfw\">#JuntosPorCadaLatido<\/a><a href=\"https:\/\/twitter.com\/NicolasMaduro?ref_src=twsrc%5Etfw\">@NicolasMaduro<\/a>\u00a0<a href=\"https:\/\/t.co\/DDhmtpWV2X\">pic.twitter.com\/DDhmtpWV2X<\/a><\/p>\n<p>\u2014 MPPSalud (@MinSaludVE)\u00a0<a href=\"https:\/\/twitter.com\/MinSaludVE\/status\/1607024616249106432?ref_src=twsrc%5Etfw\">December 25, 2022<\/a><\/p><\/blockquote>\n<div>EFE<\/div>\n<\/div>\n","protected":false},"excerpt":{"rendered":"<p>Venezuela\u00a0estableci\u00f3 una \u00abalianza estrat\u00e9gica\u00bb con\u00a0Colombia\u00a0con la que busca la reactivaci\u00f3n de la principal planta estatal de producci\u00f3n de hemoderivados, inform\u00f3 este domingo el Ministerio de Salud. \u00abSe dio inicio a la\u00a0alianza estrat\u00e9gica colombo-venezolana, para la activaci\u00f3n, inversi\u00f3n y recuperaci\u00f3n total de las \u00e1reas productivas de la planta de hemoderivados sangu\u00edneos\u00bb, indic\u00f3 la cartera en su [&hellip;]<\/p>\n","protected":false},"author":19,"featured_media":234297,"comment_status":"closed","ping_status":"closed","sticky":false,"template":"","format":"standard","meta":{"footnotes":""},"categories":[9],"tags":[],"class_list":{"0":"post-234296","1":"post","2":"type-post","3":"status-publish","4":"format-standard","5":"has-post-thumbnail","7":"category-nacionales"},"_links":{"self":[{"href":"https:\/\/elluchador.info\/index.php?rest_route=\/wp\/v2\/posts\/234296","targetHints":{"allow":["GET"]}}],"collection":[{"href":"https:\/\/elluchador.info\/index.php?rest_route=\/wp\/v2\/posts"}],"about":[{"href":"https:\/\/elluchador.info\/index.php?rest_route=\/wp\/v2\/types\/post"}],"author":[{"embeddable":true,"href":"https:\/\/elluchador.info\/index.php?rest_route=\/wp\/v2\/users\/19"}],"replies":[{"embeddable":true,"href":"https:\/\/elluchador.info\/index.php?rest_route=%2Fwp%2Fv2%2Fcomments&post=234296"}],"version-history":[{"count":1,"href":"https:\/\/elluchador.info\/index.php?rest_route=\/wp\/v2\/posts\/234296\/revisions"}],"predecessor-version":[{"id":234298,"href":"https:\/\/elluchador.info\/index.php?rest_route=\/wp\/v2\/posts\/234296\/revisions\/234298"}],"wp:featuredmedia":[{"embeddable":true,"href":"https:\/\/elluchador.info\/index.php?rest_route=\/wp\/v2\/media\/234297"}],"wp:attachment":[{"href":"https:\/\/elluchador.info\/index.php?rest_route=%2Fwp%2Fv2%2Fmedia&parent=234296"}],"wp:term":[{"taxonomy":"category","embeddable":true,"href":"https:\/\/elluchador.info\/index.php?rest_route=%2Fwp%2Fv2%2Fcategories&post=234296"},{"taxonomy":"post_tag","embeddable":true,"href":"https:\/\/elluchador.info\/index.php?rest_route=%2Fwp%2Fv2%2Ftags&post=234296"}],"curies":[{"name":"wp","href":"https:\/\/api.w.org\/{rel}","templated":true}]}}