{"id":234307,"date":"2022-12-26T17:18:56","date_gmt":"2022-12-26T21:18:56","guid":{"rendered":"https:\/\/elluchador.info\/web\/?p=234307"},"modified":"2022-12-26T17:18:56","modified_gmt":"2022-12-26T21:18:56","slug":"avanza-el-proceso-de-formacion-del-nuevo-gobierno-de-israel","status":"publish","type":"post","link":"https:\/\/elluchador.info\/?p=234307","title":{"rendered":"Avanza el proceso de formaci\u00f3n del nuevo gobierno de Israel"},"content":{"rendered":"<p>El parlamento israel\u00ed (Kn\u00e9set) fue hoy formalmente informado sobre el anuncio del l\u00edder del partido derechista Likud,\u00a0Benjam\u00edn Netanyahu, de que est\u00e1 en condiciones de formar un gobierno junto a sus socios ultraderechistas y ultraortodoxos, algo que se espera se termine de confirmar este jueves.<\/p>\n<p>El presidente de la Kn\u00e9set, Yariv Lev\u00edn, extendi\u00f3 a la C\u00e1mara el anuncio de Netanyahu, cuya coalici\u00f3n de 64 diputados -de un total de 120- tiene ahora una semana para recibir la ratificaci\u00f3n parlamentaria.<\/p>\n<p>Lev\u00edn inform\u00f3 adem\u00e1s que este jueves se celebrar\u00e1 una audiencia con el fin de ratificar definitivamente el Ejecutivo, que estar\u00e1 encabezado por el Likud de Netanyahu y compuesto de seis partidos distintos.<\/p>\n<p>Previo al establecimiento formal del nuevo gobierno,\u00a0sin embargo, estos partidos deben formalizar sus acuerdos de coalici\u00f3n, terminar de repartirse las carteras ministeriales y aprobar una serie de leyes exigidas por algunos de sus miembros, algo que podr\u00eda demorar su ratificaci\u00f3n definitiva hasta el pr\u00f3ximo 2 de enero.<\/p>\n<p>Las leyes que buscan aprobar estos partidos permitir\u00edan la expansi\u00f3n de los poderes de dos ministros ultraderechistas y la designaci\u00f3n como ministro de Interior y Sanidad de Aryeh Deri, l\u00edder del ultraortodoxo Shas e inhabilitado para ejercer como ministro tras ser condenado por fraude fiscal.<\/p>\n<p>Estas iniciativas, junto a otras pol\u00e9micas propuestas de los miembros m\u00e1s extremistas del pr\u00f3ximo gobierno, han generado un fuerte rechazo por parte tanto del ejecutivo saliente como desde la Justicia.<\/p>\n<p>\u00abTrabajaremos juntos para luchar contra este gobierno atrasado y antidemocr\u00e1tico que se est\u00e1 estableciendo, que desmantelar\u00e1 a Israel desde adentro\u00ab, se\u00f1al\u00f3 hoy un comunicado firmado por los l\u00edderes de los partidos que pasar\u00e1n ahora a integrar la oposici\u00f3n.<\/p>\n<p>\u00abCuando volvamos al poder, prometemos cancelar cualquier legislaci\u00f3n extremista que da\u00f1e la democracia, la seguridad, la econom\u00eda o la sociedad israel\u00ed\u00bb, agreg\u00f3 el texto, que incluy\u00f3 entre los firmantes al todav\u00eda primer ministro en funciones, Yair Lapid.<\/p>\n<p>En respuesta a las incesantes cr\u00edticas, Netanyahu acus\u00f3 hoy a Lapid de negarse a \u00abaceptar la decisi\u00f3n del pueblo\u00bb en los comicios del pasado 1 de noviembre y de \u00abdifundir incesantes mentiras contra el gobierno electo\u00bb.<\/p>\n<p>EFE<\/p>\n","protected":false},"excerpt":{"rendered":"<p>El parlamento israel\u00ed (Kn\u00e9set) fue hoy formalmente informado sobre el anuncio del l\u00edder del partido derechista Likud,\u00a0Benjam\u00edn Netanyahu, de que est\u00e1 en condiciones de formar un gobierno junto a sus socios ultraderechistas y ultraortodoxos, algo que se espera se termine de confirmar este jueves. El presidente de la Kn\u00e9set, Yariv Lev\u00edn, extendi\u00f3 a la C\u00e1mara [&hellip;]<\/p>\n","protected":false},"author":19,"featured_media":234308,"comment_status":"closed","ping_status":"closed","sticky":false,"template":"","format":"standard","meta":{"footnotes":""},"categories":[8],"tags":[],"class_list":{"0":"post-234307","1":"post","2":"type-post","3":"status-publish","4":"format-standard","5":"has-post-thumbnail","7":"category-internacionales"},"_links":{"self":[{"href":"https:\/\/elluchador.info\/index.php?rest_route=\/wp\/v2\/posts\/234307","targetHints":{"allow":["GET"]}}],"collection":[{"href":"https:\/\/elluchador.info\/index.php?rest_route=\/wp\/v2\/posts"}],"about":[{"href":"https:\/\/elluchador.info\/index.php?rest_route=\/wp\/v2\/types\/post"}],"author":[{"embeddable":true,"href":"https:\/\/elluchador.info\/index.php?rest_route=\/wp\/v2\/users\/19"}],"replies":[{"embeddable":true,"href":"https:\/\/elluchador.info\/index.php?rest_route=%2Fwp%2Fv2%2Fcomments&post=234307"}],"version-history":[{"count":2,"href":"https:\/\/elluchador.info\/index.php?rest_route=\/wp\/v2\/posts\/234307\/revisions"}],"predecessor-version":[{"id":234310,"href":"https:\/\/elluchador.info\/index.php?rest_route=\/wp\/v2\/posts\/234307\/revisions\/234310"}],"wp:featuredmedia":[{"embeddable":true,"href":"https:\/\/elluchador.info\/index.php?rest_route=\/wp\/v2\/media\/234308"}],"wp:attachment":[{"href":"https:\/\/elluchador.info\/index.php?rest_route=%2Fwp%2Fv2%2Fmedia&parent=234307"}],"wp:term":[{"taxonomy":"category","embeddable":true,"href":"https:\/\/elluchador.info\/index.php?rest_route=%2Fwp%2Fv2%2Fcategories&post=234307"},{"taxonomy":"post_tag","embeddable":true,"href":"https:\/\/elluchador.info\/index.php?rest_route=%2Fwp%2Fv2%2Ftags&post=234307"}],"curies":[{"name":"wp","href":"https:\/\/api.w.org\/{rel}","templated":true}]}}