{"id":234320,"date":"2022-12-26T18:12:03","date_gmt":"2022-12-26T22:12:03","guid":{"rendered":"https:\/\/elluchador.info\/web\/?p=234320"},"modified":"2022-12-26T18:12:03","modified_gmt":"2022-12-26T22:12:03","slug":"mantienen-jornada-de-recoleccion-de-desechos-solidos-en-ciudad-bolivar","status":"publish","type":"post","link":"https:\/\/elluchador.info\/?p=234320","title":{"rendered":"Mantienen jornada de recolecci\u00f3n de desechos s\u00f3lidos en Ciudad Bol\u00edvar"},"content":{"rendered":"<p>De la mano con la alcald\u00eda de Caron\u00ed, sumando esfuerzos para consolidar las<br \/>\npol\u00edticas ambientales<\/p>\n<p>Como parte de la gesti\u00f3n transformadora de la gesti\u00f3n del alcalde Sergio Hern\u00e1ndez en articulaci\u00f3n con el alcalde de Caron\u00ed, Tito Oviedo han fortalecido los planes en materia de recolecci\u00f3n de desechos s\u00f3lidos en Ciudad Bol\u00edvar para el bienestar de los bolivarenses.<\/p>\n<p>En este sentido, el director de Servicios Generales Municipales, Te\u00f3filo Le\u00f3n<br \/>\ncoment\u00f3 en esta oportunidad bajo un solo gobierno y continuando con las pol\u00edticas<br \/>\ndel presidente Nicol\u00e1s Maduro y del gobernador, \u00c1ngel Marcano se mantienen las<br \/>\nacciones para fortalecer los servicios p\u00fablicos.<\/p>\n<p>Agreg\u00f3 el director integral que bajo la articulaci\u00f3n perfecta ejecutaron una jornada<br \/>\ndel sistema de recolecci\u00f3n de desechos s\u00f3lidos en los sectores Sim\u00f3n Bol\u00edvar y La<br \/>\nDinamita de la parroquia Catedral, acompa\u00f1ados de la RAAS de cada punto y<br \/>\nc\u00edrculo.<\/p>\n<p>Le\u00f3n dijo que los equipos de la municipalidad junto a los hermanos de la alcald\u00eda<br \/>\nde Caron\u00ed, recorrieron los sectores y de esta manera seguir apostando a las<br \/>\npol\u00edticas ambientales en materia de saneamiento de los espacios.<\/p>\n<p>\u201cAqu\u00ed estamos como una sola familia, dando respuesta a las personas tambi\u00e9n a<br \/>\ntrav\u00e9s de los reportes efectuados mediante la aplicaci\u00f3n de la VenApp y de esta<br \/>\nmanera recorriendo los sectores, recolectando los desechos s\u00f3lidos y trasladarlos<br \/>\nhasta el sitio de la disposici\u00f3n final\u201d dijo Le\u00f3n.<\/p>\n<p>Finaliz\u00f3 diciendo que seguir\u00e1n consolidando las acciones para fortalecer los<br \/>\nservicios p\u00fablicos y de esta manera construir el municipio potencia ambiental.<\/p>\n<p>(Prensa Alcald\u00eda A\/O)-.<\/p>\n","protected":false},"excerpt":{"rendered":"<p>De la mano con la alcald\u00eda de Caron\u00ed, sumando esfuerzos para consolidar las pol\u00edticas ambientales Como parte de la gesti\u00f3n transformadora de la gesti\u00f3n del alcalde Sergio Hern\u00e1ndez en articulaci\u00f3n con el alcalde de Caron\u00ed, Tito Oviedo han fortalecido los planes en materia de recolecci\u00f3n de desechos s\u00f3lidos en Ciudad Bol\u00edvar para el bienestar de [&hellip;]<\/p>\n","protected":false},"author":19,"featured_media":234321,"comment_status":"closed","ping_status":"closed","sticky":false,"template":"","format":"standard","meta":{"footnotes":""},"categories":[20],"tags":[],"class_list":{"0":"post-234320","1":"post","2":"type-post","3":"status-publish","4":"format-standard","5":"has-post-thumbnail","7":"category-municipal"},"_links":{"self":[{"href":"https:\/\/elluchador.info\/index.php?rest_route=\/wp\/v2\/posts\/234320","targetHints":{"allow":["GET"]}}],"collection":[{"href":"https:\/\/elluchador.info\/index.php?rest_route=\/wp\/v2\/posts"}],"about":[{"href":"https:\/\/elluchador.info\/index.php?rest_route=\/wp\/v2\/types\/post"}],"author":[{"embeddable":true,"href":"https:\/\/elluchador.info\/index.php?rest_route=\/wp\/v2\/users\/19"}],"replies":[{"embeddable":true,"href":"https:\/\/elluchador.info\/index.php?rest_route=%2Fwp%2Fv2%2Fcomments&post=234320"}],"version-history":[{"count":1,"href":"https:\/\/elluchador.info\/index.php?rest_route=\/wp\/v2\/posts\/234320\/revisions"}],"predecessor-version":[{"id":234322,"href":"https:\/\/elluchador.info\/index.php?rest_route=\/wp\/v2\/posts\/234320\/revisions\/234322"}],"wp:featuredmedia":[{"embeddable":true,"href":"https:\/\/elluchador.info\/index.php?rest_route=\/wp\/v2\/media\/234321"}],"wp:attachment":[{"href":"https:\/\/elluchador.info\/index.php?rest_route=%2Fwp%2Fv2%2Fmedia&parent=234320"}],"wp:term":[{"taxonomy":"category","embeddable":true,"href":"https:\/\/elluchador.info\/index.php?rest_route=%2Fwp%2Fv2%2Fcategories&post=234320"},{"taxonomy":"post_tag","embeddable":true,"href":"https:\/\/elluchador.info\/index.php?rest_route=%2Fwp%2Fv2%2Ftags&post=234320"}],"curies":[{"name":"wp","href":"https:\/\/api.w.org\/{rel}","templated":true}]}}