{"id":234366,"date":"2022-12-27T13:58:02","date_gmt":"2022-12-27T17:58:02","guid":{"rendered":"https:\/\/elluchador.info\/web\/?p=234366"},"modified":"2022-12-27T13:58:02","modified_gmt":"2022-12-27T17:58:02","slug":"comitivas-de-120-paises-asistiran-a-la-toma-de-posesion-de-lula-en-brasil","status":"publish","type":"post","link":"https:\/\/elluchador.info\/?p=234366","title":{"rendered":"Comitivas de 120 pa\u00edses asistir\u00e1n a la toma de posesi\u00f3n de Lula en Brasil"},"content":{"rendered":"<p>La ceremonia de toma de posesi\u00f3n del presidente electo de Brasil, Luiz In\u00e1cio Lula da Silva, prevista para el 1 de enero pr\u00f3ximo, ser\u00e1 presenciada por delegaciones de unos 120 pa\u00edses, entre ellos 17 jefes de Estado y de gobierno, inform\u00f3 este lunes una fuente oficial.<\/p>\n<p>El equipo de prensa del mandatario entrante brasile\u00f1o indic\u00f3 que la investidura presidencial traer\u00e1 al pa\u00eds \u201ccasi tres veces m\u00e1s delegaciones extranjeras de alto nivel que las vistas en la \u00faltima toma de posesi\u00f3n en 2019\u201d del gobernante saliente Jair Bolsonaro.<\/p>\n<p>Al menos 53 delegaciones extranjeras estar\u00e1n conformadas por jefes de Estado y de gobierno, y por ministros.<\/p>\n<p>Tomando en cuenta las confirmaciones de todos los niveles, desde embajadores hasta presidentes, alrededor de 120 pa\u00edses estar\u00e1n representados en la toma de posesi\u00f3n de Lula\u201d, agreg\u00f3 la fuente.<\/p>\n<p>Precis\u00f3 que hasta ahora han confirmado su presencia los jefes de Estado y\/o de gobierno de Alemania, Angola, Argentina, Bolivia, Cabo Verde, Chile, Colombia, Ecuador, Espa\u00f1a, Guyana, Guinea-Bissau, Paraguay, Portugal, Surinam, Timor Oriental, Uruguay y Zimbabue.<\/p>\n<p>Con informaci\u00f3n de www.globovision.com<\/p>\n","protected":false},"excerpt":{"rendered":"<p>La ceremonia de toma de posesi\u00f3n del presidente electo de Brasil, Luiz In\u00e1cio Lula da Silva, prevista para el 1 de enero pr\u00f3ximo, ser\u00e1 presenciada por delegaciones de unos 120 pa\u00edses, entre ellos 17 jefes de Estado y de gobierno, inform\u00f3 este lunes una fuente oficial. El equipo de prensa del mandatario entrante brasile\u00f1o indic\u00f3 [&hellip;]<\/p>\n","protected":false},"author":19,"featured_media":234367,"comment_status":"closed","ping_status":"closed","sticky":false,"template":"","format":"standard","meta":{"footnotes":""},"categories":[8],"tags":[],"class_list":{"0":"post-234366","1":"post","2":"type-post","3":"status-publish","4":"format-standard","5":"has-post-thumbnail","7":"category-internacionales"},"_links":{"self":[{"href":"https:\/\/elluchador.info\/index.php?rest_route=\/wp\/v2\/posts\/234366","targetHints":{"allow":["GET"]}}],"collection":[{"href":"https:\/\/elluchador.info\/index.php?rest_route=\/wp\/v2\/posts"}],"about":[{"href":"https:\/\/elluchador.info\/index.php?rest_route=\/wp\/v2\/types\/post"}],"author":[{"embeddable":true,"href":"https:\/\/elluchador.info\/index.php?rest_route=\/wp\/v2\/users\/19"}],"replies":[{"embeddable":true,"href":"https:\/\/elluchador.info\/index.php?rest_route=%2Fwp%2Fv2%2Fcomments&post=234366"}],"version-history":[{"count":1,"href":"https:\/\/elluchador.info\/index.php?rest_route=\/wp\/v2\/posts\/234366\/revisions"}],"predecessor-version":[{"id":234368,"href":"https:\/\/elluchador.info\/index.php?rest_route=\/wp\/v2\/posts\/234366\/revisions\/234368"}],"wp:featuredmedia":[{"embeddable":true,"href":"https:\/\/elluchador.info\/index.php?rest_route=\/wp\/v2\/media\/234367"}],"wp:attachment":[{"href":"https:\/\/elluchador.info\/index.php?rest_route=%2Fwp%2Fv2%2Fmedia&parent=234366"}],"wp:term":[{"taxonomy":"category","embeddable":true,"href":"https:\/\/elluchador.info\/index.php?rest_route=%2Fwp%2Fv2%2Fcategories&post=234366"},{"taxonomy":"post_tag","embeddable":true,"href":"https:\/\/elluchador.info\/index.php?rest_route=%2Fwp%2Fv2%2Ftags&post=234366"}],"curies":[{"name":"wp","href":"https:\/\/api.w.org\/{rel}","templated":true}]}}