{"id":234401,"date":"2022-12-28T13:22:10","date_gmt":"2022-12-28T17:22:10","guid":{"rendered":"https:\/\/elluchador.info\/web\/?p=234401"},"modified":"2022-12-28T13:22:10","modified_gmt":"2022-12-28T17:22:10","slug":"espana-nombra-a-ramon-santos-embajador-en-venezuela-tras-dos-anos-como-encargado-de-negocios","status":"publish","type":"post","link":"https:\/\/elluchador.info\/?p=234401","title":{"rendered":"Espa\u00f1a nombra a Ram\u00f3n Santos embajador en Venezuela, tras dos a\u00f1os como encargado de negocios"},"content":{"rendered":"<p>El Gobierno espa\u00f1ol nombr\u00f3 este martes al diplom\u00e1tico\u00a0<strong>Ram\u00f3n Santos<\/strong>\u00a0como nuevo embajador en Venezuela,\u00a0<strong>un pa\u00eds en el que Espa\u00f1a no ten\u00eda embajador desde 2020.<\/strong><\/p>\n<p><strong>Santos ejerc\u00eda como encargado de Negocios<\/strong>\u00a0en la embajada espa\u00f1ola en el pa\u00eds sudamericano desde que en noviembre de 2020 Espa\u00f1a retir\u00f3 a su embajador, Jes\u00fas Silva,\u00a0<strong>en protesta por la situaci\u00f3n pol\u00edtica del pa\u00eds.<\/strong><\/p>\n<p>Anteriormente,<b>\u00a0<\/b><strong>Santos hab\u00eda sido embajador de Espa\u00f1a en Panam\u00e1 y en Bolivia<\/strong>\u00a0y ha trabajado en las embajadas espa\u00f1olas en Washington, Bruselas-Uni\u00f3n Europea y Quito.<\/p>\n<p>En el Ministerio de Asuntos Exteriores de Espa\u00f1a, ha desempe\u00f1ado, entre otros, los puestos de embajador en misi\u00f3n especial para las Cumbres Iberoamericanas y Asuntos Multilaterales de Iberoam\u00e9rica, subdirector general de Pa\u00edses de la Comunidad Andina, de Mercosur y Chile, y de Cooperaci\u00f3n con Pa\u00edses de Am\u00e9rica Central y Caribe, y jefe de gabinete del secretario general de la Agencia Espa\u00f1ola de Cooperaci\u00f3n Internacional para el Desarrollo.<\/p>\n<p><strong>Licenciado en Derecho, en Ciencias Pol\u00edticas y en Sociolog\u00eda<\/strong>, y m\u00e1ster en Derecho Constitucional y Ciencia Pol\u00edtica, Santos fue tambi\u00e9n enviado especial del Ministerio de Asuntos Exteriores de Espa\u00f1a en Bolivia en diciembre de 2019.<\/p>\n<p>(EFE)<\/p>\n","protected":false},"excerpt":{"rendered":"<p>El Gobierno espa\u00f1ol nombr\u00f3 este martes al diplom\u00e1tico\u00a0Ram\u00f3n Santos\u00a0como nuevo embajador en Venezuela,\u00a0un pa\u00eds en el que Espa\u00f1a no ten\u00eda embajador desde 2020. Santos ejerc\u00eda como encargado de Negocios\u00a0en la embajada espa\u00f1ola en el pa\u00eds sudamericano desde que en noviembre de 2020 Espa\u00f1a retir\u00f3 a su embajador, Jes\u00fas Silva,\u00a0en protesta por la situaci\u00f3n pol\u00edtica del [&hellip;]<\/p>\n","protected":false},"author":19,"featured_media":234402,"comment_status":"closed","ping_status":"closed","sticky":false,"template":"","format":"standard","meta":{"footnotes":""},"categories":[9],"tags":[],"class_list":{"0":"post-234401","1":"post","2":"type-post","3":"status-publish","4":"format-standard","5":"has-post-thumbnail","7":"category-nacionales"},"_links":{"self":[{"href":"https:\/\/elluchador.info\/index.php?rest_route=\/wp\/v2\/posts\/234401","targetHints":{"allow":["GET"]}}],"collection":[{"href":"https:\/\/elluchador.info\/index.php?rest_route=\/wp\/v2\/posts"}],"about":[{"href":"https:\/\/elluchador.info\/index.php?rest_route=\/wp\/v2\/types\/post"}],"author":[{"embeddable":true,"href":"https:\/\/elluchador.info\/index.php?rest_route=\/wp\/v2\/users\/19"}],"replies":[{"embeddable":true,"href":"https:\/\/elluchador.info\/index.php?rest_route=%2Fwp%2Fv2%2Fcomments&post=234401"}],"version-history":[{"count":1,"href":"https:\/\/elluchador.info\/index.php?rest_route=\/wp\/v2\/posts\/234401\/revisions"}],"predecessor-version":[{"id":234403,"href":"https:\/\/elluchador.info\/index.php?rest_route=\/wp\/v2\/posts\/234401\/revisions\/234403"}],"wp:featuredmedia":[{"embeddable":true,"href":"https:\/\/elluchador.info\/index.php?rest_route=\/wp\/v2\/media\/234402"}],"wp:attachment":[{"href":"https:\/\/elluchador.info\/index.php?rest_route=%2Fwp%2Fv2%2Fmedia&parent=234401"}],"wp:term":[{"taxonomy":"category","embeddable":true,"href":"https:\/\/elluchador.info\/index.php?rest_route=%2Fwp%2Fv2%2Fcategories&post=234401"},{"taxonomy":"post_tag","embeddable":true,"href":"https:\/\/elluchador.info\/index.php?rest_route=%2Fwp%2Fv2%2Ftags&post=234401"}],"curies":[{"name":"wp","href":"https:\/\/api.w.org\/{rel}","templated":true}]}}