{"id":234415,"date":"2022-12-28T13:47:00","date_gmt":"2022-12-28T17:47:00","guid":{"rendered":"https:\/\/elluchador.info\/web\/?p=234415"},"modified":"2022-12-28T13:47:00","modified_gmt":"2022-12-28T17:47:00","slug":"principales-causas-de-muerte-en-espana-las-enfermedades-no-transmisibles","status":"publish","type":"post","link":"https:\/\/elluchador.info\/?p=234415","title":{"rendered":"Principales causas de muerte en Espa\u00f1a, las enfermedades no transmisibles"},"content":{"rendered":"<div class=\"addtoany_share_save_container addtoany_content addtoany_content_top\">\n<div class=\"a2a_kit a2a_kit_size_32 addtoany_list\" data-a2a-url=\"https:\/\/efesalud.com\/causas-muerte-espana-estudio\/\" data-a2a-title=\"Principales causas de muerte en Espa\u00f1a, las enfermedades no transmisibles\">Investigadores del Centro de Investigaci\u00f3n Biom\u00e9dica en Red (Ciber), del Instituto de Salud Global (ISGlobal) y de otros centros espa\u00f1oles y norteamericanos, bas\u00e1ndose en el \u201cGlobal burden of disease 2019\u201d (datos sobre carga global de enfermedad) han realizado este estudio que no solo aborda las causas de muerte y enfermedad sino que ofrece una proyecci\u00f3n a 2030.<\/div>\n<\/div>\n<p>El estudio GBD 2019 incluye 369 enfermedades, lesiones y discapacidades y 87 factores de riesgo y combinaciones de estos.<\/p>\n<p>Las enfermedades no transmisibles, en particular las cardiopat\u00edas y los c\u00e1nceres, suponen casi el 90 % de las causas de muerte y enfermedad en Espa\u00f1a, pero tambi\u00e9n el dolor de espalda y la depresi\u00f3n contribuyen significativamente a la carga de morbilidad, especialmente en el caso de las mujeres.<\/p>\n<blockquote class=\"wp-block-quote\"><p>El tabaquismo, la mala alimentaci\u00f3n y el sobrepeso est\u00e1n entre los principales factores de riesgo y requieren pol\u00edticas sanitarias adecuadas, seg\u00fan el estudio.<\/p><\/blockquote>\n<p><em>\u201cLos resultados muestran claramente la influencia del sedentarismo y del envejecimiento de la poblaci\u00f3n\u201d<\/em>, afirma<strong>\u00a0Joan B. Soriano, coautor senior del estudio e investigador del \u00e1rea de Enfermedades Respiratorias del CIBER (CIBERES) en el Servicio de Neumolog\u00eda del Hospital Universitario de La Princesa en Madrid.<\/strong><\/p>\n<p><em>\u201cPero son los factores de riesgo conductuales, como el tabaquismo y la mala alimentaci\u00f3n, y los ambientales como la contaminaci\u00f3n atmosf\u00e9rica, o el m\u00e1s recientemente a\u00f1adido de la temperatura ambiental sub-\u00f3ptima, los que agregaron una carga significativa a la mala salud de la poblaci\u00f3n espa\u00f1ola\u201d<\/em>, apunta.<\/p>\n<div class=\"wp-block-image\">\n<figure class=\"aligncenter size-full is-resized\"><img loading=\"lazy\" decoding=\"async\" class=\"wp-image-296684 lazyautosizes lazyloaded\" style=\"box-sizing: border-box; height: auto; max-width: 100%; border-style: none; vertical-align: bottom; transition: all 0.3s ease-out 0s; display: inline-block; margin-bottom: 15px;\" src=\"https:\/\/efesalud.com\/wp-content\/uploads\/2022\/12\/impacto-pandemia-cancer-hospital.jpg\" sizes=\"auto, 565px\" srcset=\"https:\/\/efesalud.com\/wp-content\/uploads\/2022\/12\/impacto-pandemia-cancer-hospital.jpg 900w, https:\/\/efesalud.com\/wp-content\/uploads\/2022\/12\/impacto-pandemia-cancer-hospital-300x217.jpg 300w, https:\/\/efesalud.com\/wp-content\/uploads\/2022\/12\/impacto-pandemia-cancer-hospital-768x556.jpg 768w\" alt=\"causas muerte\" width=\"565\" height=\"409\" data-attachment-id=\"296684\" data-permalink=\"https:\/\/efesalud.com\/impacto-pandemia-cancer-mas-casos-avanzados-pulmon-colon-mama\/impacto-pandemia-cancer-hospital\/\" data-orig-file=\"https:\/\/efesalud.com\/wp-content\/uploads\/2022\/12\/impacto-pandemia-cancer-hospital.jpg\" data-orig-size=\"900,652\" data-comments-opened=\"0\" data-image-meta=\"{&quot;aperture&quot;:&quot;0&quot;,&quot;credit&quot;:&quot;&quot;,&quot;camera&quot;:&quot;&quot;,&quot;caption&quot;:&quot;&quot;,&quot;created_timestamp&quot;:&quot;0&quot;,&quot;copyright&quot;:&quot;&quot;,&quot;focal_length&quot;:&quot;0&quot;,&quot;iso&quot;:&quot;0&quot;,&quot;shutter_speed&quot;:&quot;0&quot;,&quot;title&quot;:&quot;&quot;,&quot;orientation&quot;:&quot;0&quot;}\" data-image-title=\"hospital\" data-image-description=\"\" data-image-caption=\"&lt;p&gt;Vista exterior del Hospital Universitario Central de Asturias (HUCA), en Oviedo. EFE\/ J. L. Cereijido&lt;\/p&gt;\n\" data-medium-file=\"https:\/\/efesalud.com\/wp-content\/uploads\/2022\/12\/impacto-pandemia-cancer-hospital-300x217.jpg\" data-large-file=\"https:\/\/efesalud.com\/wp-content\/uploads\/2022\/12\/impacto-pandemia-cancer-hospital.jpg\" data-src=\"https:\/\/efesalud.com\/wp-content\/uploads\/2022\/12\/impacto-pandemia-cancer-hospital.jpg\" data-srcset=\"https:\/\/efesalud.com\/wp-content\/uploads\/2022\/12\/impacto-pandemia-cancer-hospital.jpg 900w, https:\/\/efesalud.com\/wp-content\/uploads\/2022\/12\/impacto-pandemia-cancer-hospital-300x217.jpg 300w, https:\/\/efesalud.com\/wp-content\/uploads\/2022\/12\/impacto-pandemia-cancer-hospital-768x556.jpg 768w\" data-sizes=\"auto\" \/><figcaption class=\"wp-element-caption\">Vista exterior del Hospital Universitario Central de Asturias (HUCA), en Oviedo. EFE\/ J. L. Cereijido<\/figcaption><\/figure>\n<\/div>\n<h2 class=\"wp-block-heading\">La proyecci\u00f3n para 2030<\/h2>\n<p>El equipo de investigaci\u00f3n utiliz\u00f3 41 indicadores (como la prevalencia del<a href=\"https:\/\/efesalud.com\/ley-antitabaco-tabaquismo-separ-neumologia\/\" target=\"_blank\" rel=\"noreferrer noopener\" data-wpel-link=\"internal\">\u00a0tabaquismo<\/a>, la contaminaci\u00f3n del aire, la violencia de pareja y la cobertura de vacunas) para medir el progreso de Espa\u00f1a hacia el Objetivo de Desarrollo Sostenible (ODS) n\u00famero 3, que promueve una vida sana y el bienestar para todas las personas en todas las edades.<\/p>\n<p>En 2019, Espa\u00f1a ocupaba el puesto 20 de 195 pa\u00edses y territorios. Para el 2030, el pa\u00eds podr\u00eda superar a Jap\u00f3n, Estados Unidos y la Uni\u00f3n Europea en la mayor\u00eda de los indicadores, aunque aquellos relativos al consumo de alcohol, el sobrepeso infantil, la prevalencia del tabaquismo y el abuso sexual infantil seguir\u00e1n con nota baja.<\/p>\n<p>Asimismo, se espera que la esperanza de vida en Espa\u00f1a alcance los 84,8 a\u00f1os (87,2 para las mujeres y 82,3 para los hombres), aunque la covid-19, con sus repercusiones sanitarias y sociales, ha ralentizado el descenso en la tasa de mortalidad.<\/p>\n<h2 class=\"wp-block-heading\"><strong>Los expertos recomiendan<\/strong><\/h2>\n<p><em>\u201cComo gran parte de Europa, Espa\u00f1a ha experimentado un r\u00e1pido envejecimiento de la poblaci\u00f3n por el aumento en la esperanza de vida y la disminuci\u00f3n en mortalidad y fecundidad\u201d<\/em>, afirma\u00a0<strong>Jeffrey V. Lazarus, jefe del grupo de investigaci\u00f3n en Sistemas de Salud de ISGlobal,<\/strong>\u00a0centro impulsado por la Fundaci\u00f3n \u201cla Caixa\u201d.<\/p>\n<p>Para hacer frente a este panorama, los expertos del\u00a0<a href=\"https:\/\/www.ciberisciii.es\/\" rel=\"nofollow\" data-wpel-link=\"external\">Cibe<\/a>r y del ISGlobal recomiendan para frenar las causas de muerte y enfermedad:<\/p>\n<ul>\n<li>Centrarse en promover la salud y la atenci\u00f3n a las\u00a0<strong>personas mayores<\/strong>\u00a0reforzando los centros de cuidados de larga duraci\u00f3n, los servicios de apoyo social y la telemedicina.<\/li>\n<li>Medidas de protecci\u00f3n social, como las\u00a0<strong>pensiones y las bajas por enfermedad<\/strong>, clave para contrarrestar el coste del envejecimiento de la poblaci\u00f3n, aunque advierten de que estas pol\u00edticas pueden no cubrir a aquellos que est\u00e1n fuera del sistema formal de empleo.<\/li>\n<li>Vigilar el t<strong>abaquismo, la mala alimentaci\u00f3n y los factores ambientales<\/strong>: en hombres, fumar fue el principal factor de riesgo en cada uno de los a\u00f1os estudiados; y en mujeres, ocup\u00f3 el tercer lugar, solo por detr\u00e1s de la obesidad y la hiperglucemia\/diabetes.<\/li>\n<li>Coordinar las 17 comunidades aut\u00f3nomas y el gobierno nacional, y proporcionar\u00a0<strong>datos regionales desglosados por grupos espec\u00edficos<\/strong>, incluyendo los migrantes y las personas sin hogar.\u00a0<em>\u201cEstos datos nos ayudar\u00e1n a evaluar c\u00f3mo la crisis financiera de 2008 y la actual pandemia de COVID han influido, y seguir\u00e1n influyendo, en la trayectoria de salud de Espa\u00f1a\u201d<\/em>, concluyen los investigadores.<\/li>\n<\/ul>\n","protected":false},"excerpt":{"rendered":"<p>Investigadores del Centro de Investigaci\u00f3n Biom\u00e9dica en Red (Ciber), del Instituto de Salud Global (ISGlobal) y de otros centros espa\u00f1oles y norteamericanos, bas\u00e1ndose en el \u201cGlobal burden of disease 2019\u201d (datos sobre carga global de enfermedad) han realizado este estudio que no solo aborda las causas de muerte y enfermedad sino que ofrece una proyecci\u00f3n [&hellip;]<\/p>\n","protected":false},"author":19,"featured_media":234416,"comment_status":"closed","ping_status":"closed","sticky":false,"template":"","format":"standard","meta":{"footnotes":""},"categories":[19],"tags":[],"class_list":{"0":"post-234415","1":"post","2":"type-post","3":"status-publish","4":"format-standard","5":"has-post-thumbnail","7":"category-salud"},"_links":{"self":[{"href":"https:\/\/elluchador.info\/index.php?rest_route=\/wp\/v2\/posts\/234415","targetHints":{"allow":["GET"]}}],"collection":[{"href":"https:\/\/elluchador.info\/index.php?rest_route=\/wp\/v2\/posts"}],"about":[{"href":"https:\/\/elluchador.info\/index.php?rest_route=\/wp\/v2\/types\/post"}],"author":[{"embeddable":true,"href":"https:\/\/elluchador.info\/index.php?rest_route=\/wp\/v2\/users\/19"}],"replies":[{"embeddable":true,"href":"https:\/\/elluchador.info\/index.php?rest_route=%2Fwp%2Fv2%2Fcomments&post=234415"}],"version-history":[{"count":1,"href":"https:\/\/elluchador.info\/index.php?rest_route=\/wp\/v2\/posts\/234415\/revisions"}],"predecessor-version":[{"id":234417,"href":"https:\/\/elluchador.info\/index.php?rest_route=\/wp\/v2\/posts\/234415\/revisions\/234417"}],"wp:featuredmedia":[{"embeddable":true,"href":"https:\/\/elluchador.info\/index.php?rest_route=\/wp\/v2\/media\/234416"}],"wp:attachment":[{"href":"https:\/\/elluchador.info\/index.php?rest_route=%2Fwp%2Fv2%2Fmedia&parent=234415"}],"wp:term":[{"taxonomy":"category","embeddable":true,"href":"https:\/\/elluchador.info\/index.php?rest_route=%2Fwp%2Fv2%2Fcategories&post=234415"},{"taxonomy":"post_tag","embeddable":true,"href":"https:\/\/elluchador.info\/index.php?rest_route=%2Fwp%2Fv2%2Ftags&post=234415"}],"curies":[{"name":"wp","href":"https:\/\/api.w.org\/{rel}","templated":true}]}}