{"id":234473,"date":"2022-12-29T13:58:14","date_gmt":"2022-12-29T17:58:14","guid":{"rendered":"https:\/\/elluchador.info\/web\/?p=234473"},"modified":"2022-12-29T13:58:14","modified_gmt":"2022-12-29T17:58:14","slug":"prorrogan-por-dos-anos-mas-vigencia-de-decreto-que-prohibe-despidos","status":"publish","type":"post","link":"https:\/\/elluchador.info\/?p=234473","title":{"rendered":"Prorrogan por dos a\u00f1os m\u00e1s vigencia de decreto que proh\u00edbe despidos"},"content":{"rendered":"<p>El Gobierno Nacional prorrog\u00f3 por dos a\u00f1os m\u00e1s un decreto que proh\u00edbe los despidos de empleados, tanto del sector p\u00fablico como del privado hasta 2024, inform\u00f3 este mi\u00e9rcoles el ministro del Trabajo, Francisco Torrealba.<\/p>\n<blockquote class=\"wp-block-quote\"><p>\u00abContinuando con la pol\u00edtica de protecci\u00f3n de los trabajadores, nuestro (\u2026) presidente y comandante en jefe, Nicol\u00e1s Maduro, orden\u00f3 prorrogar la inamovilidad laboral hasta el 31 de diciembre de 2024\u00bb, escribi\u00f3 Torrealba en su cuenta de Twitter.<\/p><\/blockquote>\n<figure class=\"wp-block-embed is-type-rich is-provider-twitter wp-block-embed-twitter\">\n<div class=\"wp-block-embed__wrapper\">\n<div class=\"twitter-tweet twitter-tweet-rendered\"><iframe id=\"twitter-widget-0\" class=\"\" title=\"Twitter Tweet\" src=\"https:\/\/platform.twitter.com\/embed\/Tweet.html?dnt=true&amp;embedId=twitter-widget-0&amp;features=eyJ0ZndfdGltZWxpbmVfbGlzdCI6eyJidWNrZXQiOlsibGlua3RyLmVlIiwidHIuZWUiLCJ0ZXJyYS5jb20uYnIiLCJ3d3cubGlua3RyLmVlIiwid3d3LnRyLmVlIiwid3d3LnRlcnJhLmNvbS5iciJdLCJ2ZXJzaW9uIjpudWxsfSwidGZ3X2hvcml6b25fdGltZWxpbmVfMTIwMzQiOnsiYnVja2V0IjoidHJlYXRtZW50IiwidmVyc2lvbiI6bnVsbH0sInRmd190d2VldF9lZGl0X2JhY2tlbmQiOnsiYnVja2V0Ijoib24iLCJ2ZXJzaW9uIjpudWxsfSwidGZ3X3JlZnNyY19zZXNzaW9uIjp7ImJ1Y2tldCI6Im9uIiwidmVyc2lvbiI6bnVsbH0sInRmd19zaG93X2J1c2luZXNzX3ZlcmlmaWVkX2JhZGdlIjp7ImJ1Y2tldCI6Im9uIiwidmVyc2lvbiI6bnVsbH0sInRmd19jaGluX3BpbGxzXzE0NzQxIjp7ImJ1Y2tldCI6ImNvbG9yX2ljb25zIiwidmVyc2lvbiI6bnVsbH0sInRmd190d2VldF9yZXN1bHRfbWlncmF0aW9uXzEzOTc5Ijp7ImJ1Y2tldCI6InR3ZWV0X3Jlc3VsdCIsInZlcnNpb24iOm51bGx9LCJ0ZndfbWl4ZWRfbWVkaWFfMTU4OTciOnsiYnVja2V0IjoidHJlYXRtZW50IiwidmVyc2lvbiI6bnVsbH0sInRmd19zZW5zaXRpdmVfbWVkaWFfaW50ZXJzdGl0aWFsXzEzOTYzIjp7ImJ1Y2tldCI6ImludGVyc3RpdGlhbCIsInZlcnNpb24iOm51bGx9LCJ0ZndfZXhwZXJpbWVudHNfY29va2llX2V4cGlyYXRpb24iOnsiYnVja2V0IjoxMjA5NjAwLCJ2ZXJzaW9uIjpudWxsfSwidGZ3X2R1cGxpY2F0ZV9zY3JpYmVzX3RvX3NldHRpbmdzIjp7ImJ1Y2tldCI6Im9uIiwidmVyc2lvbiI6bnVsbH0sInRmd192aWRlb19obHNfZHluYW1pY19tYW5pZmVzdHNfMTUwODIiOnsiYnVja2V0IjoidHJ1ZV9iaXRyYXRlIiwidmVyc2lvbiI6bnVsbH0sInRmd19zaG93X2JsdWVfdmVyaWZpZWRfYmFkZ2UiOnsiYnVja2V0Ijoib24iLCJ2ZXJzaW9uIjpudWxsfSwidGZ3X3Nob3dfZ292X3ZlcmlmaWVkX2JhZGdlIjp7ImJ1Y2tldCI6Im9uIiwidmVyc2lvbiI6bnVsbH0sInRmd19zaG93X2J1c2luZXNzX2FmZmlsaWF0ZV9iYWRnZSI6eyJidWNrZXQiOiJvbiIsInZlcnNpb24iOm51bGx9LCJ0ZndfdHdlZXRfZWRpdF9mcm9udGVuZCI6eyJidWNrZXQiOiJvbiIsInZlcnNpb24iOm51bGx9fQ%3D%3D&amp;frame=false&amp;hideCard=false&amp;hideThread=false&amp;id=1608161594801885184&amp;lang=es&amp;origin=https%3A%2F%2Funionradio.net%2Fprorrogan-por-dos-anos-mas-vigencia-de-decreto-que-prohibe-despidos%2F&amp;sessionId=8eb09d1f5df632bb9aaf3651e829190c31c23057&amp;theme=light&amp;widgetsVersion=a3525f077c700%3A1667415560940&amp;width=500px\" frameborder=\"0\" scrolling=\"no\" allowfullscreen=\"allowfullscreen\" data-tweet-id=\"1608161594801885184\" data-mce-fragment=\"1\"><\/iframe><\/div>\n<\/div>\n<\/figure>\n<p>Esta extensi\u00f3n empezar\u00e1 a contar a partir del 1 de enero de 2023, con el fin de<strong>\u00a0\u00abproteger el derecho al trabajo\u00bb<\/strong>.<\/p>\n<blockquote class=\"wp-block-quote\"><p>\u00abLos trabajadores amparados por el presente decreto no podr\u00e1n ser despedidos, desmejorados o trasladados sin justa causa calificada previamente por el Inspector del Trabajo de la jurisdicci\u00f3n\u00bb, reza el escrito.<\/p>\n<p>&nbsp;<\/p><\/blockquote>\n<p>EFE\/Uni\u00f3n Radio<\/p>\n","protected":false},"excerpt":{"rendered":"<p>El Gobierno Nacional prorrog\u00f3 por dos a\u00f1os m\u00e1s un decreto que proh\u00edbe los despidos de empleados, tanto del sector p\u00fablico como del privado hasta 2024, inform\u00f3 este mi\u00e9rcoles el ministro del Trabajo, Francisco Torrealba. \u00abContinuando con la pol\u00edtica de protecci\u00f3n de los trabajadores, nuestro (\u2026) presidente y comandante en jefe, Nicol\u00e1s Maduro, orden\u00f3 prorrogar la [&hellip;]<\/p>\n","protected":false},"author":19,"featured_media":234474,"comment_status":"closed","ping_status":"closed","sticky":false,"template":"","format":"standard","meta":{"footnotes":""},"categories":[9],"tags":[],"class_list":{"0":"post-234473","1":"post","2":"type-post","3":"status-publish","4":"format-standard","5":"has-post-thumbnail","7":"category-nacionales"},"_links":{"self":[{"href":"https:\/\/elluchador.info\/index.php?rest_route=\/wp\/v2\/posts\/234473","targetHints":{"allow":["GET"]}}],"collection":[{"href":"https:\/\/elluchador.info\/index.php?rest_route=\/wp\/v2\/posts"}],"about":[{"href":"https:\/\/elluchador.info\/index.php?rest_route=\/wp\/v2\/types\/post"}],"author":[{"embeddable":true,"href":"https:\/\/elluchador.info\/index.php?rest_route=\/wp\/v2\/users\/19"}],"replies":[{"embeddable":true,"href":"https:\/\/elluchador.info\/index.php?rest_route=%2Fwp%2Fv2%2Fcomments&post=234473"}],"version-history":[{"count":1,"href":"https:\/\/elluchador.info\/index.php?rest_route=\/wp\/v2\/posts\/234473\/revisions"}],"predecessor-version":[{"id":234475,"href":"https:\/\/elluchador.info\/index.php?rest_route=\/wp\/v2\/posts\/234473\/revisions\/234475"}],"wp:featuredmedia":[{"embeddable":true,"href":"https:\/\/elluchador.info\/index.php?rest_route=\/wp\/v2\/media\/234474"}],"wp:attachment":[{"href":"https:\/\/elluchador.info\/index.php?rest_route=%2Fwp%2Fv2%2Fmedia&parent=234473"}],"wp:term":[{"taxonomy":"category","embeddable":true,"href":"https:\/\/elluchador.info\/index.php?rest_route=%2Fwp%2Fv2%2Fcategories&post=234473"},{"taxonomy":"post_tag","embeddable":true,"href":"https:\/\/elluchador.info\/index.php?rest_route=%2Fwp%2Fv2%2Ftags&post=234473"}],"curies":[{"name":"wp","href":"https:\/\/api.w.org\/{rel}","templated":true}]}}