{"id":234482,"date":"2022-12-29T14:22:57","date_gmt":"2022-12-29T18:22:57","guid":{"rendered":"https:\/\/elluchador.info\/web\/?p=234482"},"modified":"2022-12-29T14:22:57","modified_gmt":"2022-12-29T18:22:57","slug":"fiscalia-confirma-la-detencion-de-gobernador-boliviano-por-la-crisis-de-2019","status":"publish","type":"post","link":"https:\/\/elluchador.info\/?p=234482","title":{"rendered":"Fiscal\u00eda confirma la detenci\u00f3n de gobernador boliviano por la crisis de 2019"},"content":{"rendered":"<p>La\u00a0Fiscal\u00eda de Bolivia\u00a0confirm\u00f3 el mi\u00e9rcoles que la detenci\u00f3n del gobernador de Santa Cruz y l\u00edder opositor,\u00a0Luis Fernando Camacho, se debe al caso \u00abgolpe de Estado I\u00bb, un proceso judicial por la crisis pol\u00edtica de 2019 que result\u00f3 en la renuncia de Evo Morales a la Presidencia del pa\u00eds.<\/p>\n<blockquote><p>La Fiscal\u00eda explic\u00f3 que la detenci\u00f3n de Camacho\u00a0\u00abno se trata de un secuestro o una persecuci\u00f3n pol\u00edtica\u00bb\u00a0sino que responde a una \u00aborden de aprehensi\u00f3n\u00bb que se emiti\u00f3 en octubre de este a\u00f1o por parte de un juez en La Paz.<\/p><\/blockquote>\n<p>Tambi\u00e9n mencion\u00f3 que Camacho \u00abtiene pleno conocimiento de dicho proceso desde su inicio\u00bb, cuando la exdiputada del oficialista Movimiento al Socialismo (MAS)\u00a0Lidia Patty\u00a0present\u00f3 una denuncia por terrorismo en noviembre de 2020.<\/p>\n<p>El caso \u00abgolpe de Estado\u00a0I\u00bb consiste en la denuncia de terrorismo por la crisis de 2019 que se produjo despu\u00e9s de las fallidas elecciones presidenciales se\u00f1aladas de fraudulentas y que derivaron en la renuncia de Morales, quien denunci\u00f3 un \u00abgolpe de Estado\u00bb en su contra.<\/p>\n<p>Pese a que Camacho fue el principal denunciado en ese caso que inici\u00f3 hace dos a\u00f1os, no fue hasta que en esta jornada la Polic\u00eda ejecut\u00f3 la aprehensi\u00f3n y su traslado hasta la ciudad de La Paz, sede del\u00a0Ejecutivo y Parlamento.<\/p>\n<p>Por ese proceso, en marzo de 2021 se detuvo a la\u00a0expresidenta interina Jeanine \u00c1\u00f1ez\u00a0y dos de sus exministros, aunque en el caso de la exjefa de Estado de transici\u00f3n se le sigui\u00f3 otro caso, \u00abgolpe de Estado II\u00bb,\u00a0por el que se la conden\u00f3 a 10 a\u00f1os de prisi\u00f3n acusada por situarse ilegalmente en l\u00ednea de sucesi\u00f3n presidencial.<\/p>\n<p>Situaci\u00f3n de Camacho<\/p>\n<p>El abogado de la exlegisladora del MAS\u00a0V\u00edctor Nina\u00a0indic\u00f3 a EFE que como parte acusadora hace unas tres semanas present\u00f3 \u00abuna acci\u00f3n de cumplimiento para obligar al Ministerio P\u00fablico a que se convoque y aprehenda\u00bb al denunciado y que ante ello esa entidad \u00abno ten\u00eda ning\u00fan otro camino\u00bb que hacerlo.<\/p>\n<p>La detenci\u00f3n que deb\u00eda efectuarse mucho antes tropez\u00f3 con la \u00abvacaci\u00f3n judicial\u00bb y es por eso que se ejecut\u00f3 ahora de manera que en los siguientes d\u00edas se instale una audiencia en la que se pedir\u00e1 \u00abseis meses de detenci\u00f3n\u00bb, precis\u00f3 el jurista.<\/p>\n<blockquote><p>Nina tambi\u00e9n indic\u00f3 que contra Camacho existen \u00abfotograf\u00edas y declaraciones testificales\u00bb que \u00abdemuestran\u00bb su responsabilidad en el delito de terrorismo e interrupci\u00f3n del \u00aborden constitucional\u00bb, adem\u00e1s, que\u00a0hay \u00abriesgo de fuga y obstaculizaci\u00f3n\u00bb a la investigaci\u00f3n.<\/p><\/blockquote>\n<p>Por su parte, el ministro de Gobierno (Interior),\u00a0Eduardo del Castillo, inform\u00f3 que la salud de Camacho es \u00abestable\u00bb y neg\u00f3 \u00abtoda informaci\u00f3n sobre supuestas lesiones que se habr\u00edan causado\u00bb al gobernador cruce\u00f1o durante su detenci\u00f3n.<\/p>\n<blockquote><p>\u00abComunicamos al pueblo boliviano que, tras la aprehensi\u00f3n de Luis Fernando Camacho, hemos instruido que se le realice la valoraci\u00f3n m\u00e9dica correspondiente, respetando los derechos constitucionales y derechos humanos como lo hacemos con cualquier persona privada de libertad\u00bb, escribi\u00f3 Del Castillo en sus redes sociales junto a una fotograf\u00eda del gobernador.<\/p><\/blockquote>\n<p>Al final de la tarde, Camacho, que pasado el mediod\u00eda fue aprehendido por agentes de la Polic\u00eda antes de llegar a su vivienda en Santa Cruz, fue trasladado hasta La Paz y permanece en las oficinas de la Fuerza Especial de Lucha Contra el Crimen (FELCC) de esa ciudad.<\/p>\n<div><\/div>\n<div>EFE<\/div>\n","protected":false},"excerpt":{"rendered":"<p>La\u00a0Fiscal\u00eda de Bolivia\u00a0confirm\u00f3 el mi\u00e9rcoles que la detenci\u00f3n del gobernador de Santa Cruz y l\u00edder opositor,\u00a0Luis Fernando Camacho, se debe al caso \u00abgolpe de Estado I\u00bb, un proceso judicial por la crisis pol\u00edtica de 2019 que result\u00f3 en la renuncia de Evo Morales a la Presidencia del pa\u00eds. La Fiscal\u00eda explic\u00f3 que la detenci\u00f3n de [&hellip;]<\/p>\n","protected":false},"author":19,"featured_media":234483,"comment_status":"closed","ping_status":"closed","sticky":false,"template":"","format":"standard","meta":{"footnotes":""},"categories":[8],"tags":[],"class_list":{"0":"post-234482","1":"post","2":"type-post","3":"status-publish","4":"format-standard","5":"has-post-thumbnail","7":"category-internacionales"},"_links":{"self":[{"href":"https:\/\/elluchador.info\/index.php?rest_route=\/wp\/v2\/posts\/234482","targetHints":{"allow":["GET"]}}],"collection":[{"href":"https:\/\/elluchador.info\/index.php?rest_route=\/wp\/v2\/posts"}],"about":[{"href":"https:\/\/elluchador.info\/index.php?rest_route=\/wp\/v2\/types\/post"}],"author":[{"embeddable":true,"href":"https:\/\/elluchador.info\/index.php?rest_route=\/wp\/v2\/users\/19"}],"replies":[{"embeddable":true,"href":"https:\/\/elluchador.info\/index.php?rest_route=%2Fwp%2Fv2%2Fcomments&post=234482"}],"version-history":[{"count":1,"href":"https:\/\/elluchador.info\/index.php?rest_route=\/wp\/v2\/posts\/234482\/revisions"}],"predecessor-version":[{"id":234484,"href":"https:\/\/elluchador.info\/index.php?rest_route=\/wp\/v2\/posts\/234482\/revisions\/234484"}],"wp:featuredmedia":[{"embeddable":true,"href":"https:\/\/elluchador.info\/index.php?rest_route=\/wp\/v2\/media\/234483"}],"wp:attachment":[{"href":"https:\/\/elluchador.info\/index.php?rest_route=%2Fwp%2Fv2%2Fmedia&parent=234482"}],"wp:term":[{"taxonomy":"category","embeddable":true,"href":"https:\/\/elluchador.info\/index.php?rest_route=%2Fwp%2Fv2%2Fcategories&post=234482"},{"taxonomy":"post_tag","embeddable":true,"href":"https:\/\/elluchador.info\/index.php?rest_route=%2Fwp%2Fv2%2Ftags&post=234482"}],"curies":[{"name":"wp","href":"https:\/\/api.w.org\/{rel}","templated":true}]}}