{"id":234488,"date":"2022-12-29T14:30:58","date_gmt":"2022-12-29T18:30:58","guid":{"rendered":"https:\/\/elluchador.info\/web\/?p=234488"},"modified":"2022-12-29T14:30:58","modified_gmt":"2022-12-29T18:30:58","slug":"embajada-de-eeuu-en-cuba-reinicia-las-entrevistas-para-visas-de-inmigrante","status":"publish","type":"post","link":"https:\/\/elluchador.info\/?p=234488","title":{"rendered":"Embajada de EEUU en Cuba reinicia las entrevistas para visas de inmigrante"},"content":{"rendered":"<p>La embajada de Estados Unidos en Cuba reanud\u00f3 este jueves las entrevistas en su secci\u00f3n consular como parte de la reactivaci\u00f3n del proceso de otorgamiento de visas de inmigrante, algo que no sucede desde 2017.<\/p>\n<p>Las citas estaban programadas originalmente para el 4 enero de 2023 el 2 y el 3 son feriados en Cuba por el aniversario del triunfo de la revoluci\u00f3n pero la legaci\u00f3n decidi\u00f3 pasar la fecha para este jueves.<\/p>\n<p>El anuncio original se hizo a inicios de noviembre, tras una reuni\u00f3n en la capital insular entre la secretaria de Estado Adjunta para Asuntos Consulares, Rena Bitter, la directora de los Servicios de Ciudadan\u00eda e Inmigraci\u00f3n de Estados Unidos, Ur Mendoza Jaddou, y el viceministro cubano de Relaciones Exteriores, Carlos Fern\u00e1ndez de Coss\u00edo.<\/p>\n<p>Meses antes, Washington explic\u00f3 que las visas proporcionan a las personas aptas para solicitarlos una v\u00eda de migraci\u00f3n \u00absegura y ordenada\u00bb.<\/p>\n<blockquote class=\"wp-block-quote\"><p>\u00abEste cambio tambi\u00e9n eliminar\u00e1 la necesidad de que los cubanos que solicitan visas de inmigrante en categor\u00edas de preferencia familiar viajen fuera de Cuba a Georgetown, Guyana, para sus entrevistas\u00bb, indic\u00f3 el Gobierno estadounidense.<\/p><\/blockquote>\n<p>En paralelo, los Servicios de Inmigraci\u00f3n y Ciudadan\u00eda de EE.UU., (USCIS) est\u00e1n incrementado su personal en La Habana para tramitar de forma \u00abefectiva y eficiente\u00bb los casos y llevar a cabo entrevistas.<\/p>\n<p>El pasado 1 de septiembre, la embajada de Estados Unidos en Cuba empez\u00f3 a tramitar las solicitudes pendientes del Programa de Parole de Reunificaci\u00f3n Familiar Cubana (CFRP, por sus siglas en ingl\u00e9s), suspendido desde 2017.<\/p>\n<p>EFE<\/p>\n","protected":false},"excerpt":{"rendered":"<p>La embajada de Estados Unidos en Cuba reanud\u00f3 este jueves las entrevistas en su secci\u00f3n consular como parte de la reactivaci\u00f3n del proceso de otorgamiento de visas de inmigrante, algo que no sucede desde 2017. Las citas estaban programadas originalmente para el 4 enero de 2023 el 2 y el 3 son feriados en Cuba [&hellip;]<\/p>\n","protected":false},"author":19,"featured_media":234489,"comment_status":"closed","ping_status":"closed","sticky":false,"template":"","format":"standard","meta":{"footnotes":""},"categories":[8],"tags":[],"class_list":{"0":"post-234488","1":"post","2":"type-post","3":"status-publish","4":"format-standard","5":"has-post-thumbnail","7":"category-internacionales"},"_links":{"self":[{"href":"https:\/\/elluchador.info\/index.php?rest_route=\/wp\/v2\/posts\/234488","targetHints":{"allow":["GET"]}}],"collection":[{"href":"https:\/\/elluchador.info\/index.php?rest_route=\/wp\/v2\/posts"}],"about":[{"href":"https:\/\/elluchador.info\/index.php?rest_route=\/wp\/v2\/types\/post"}],"author":[{"embeddable":true,"href":"https:\/\/elluchador.info\/index.php?rest_route=\/wp\/v2\/users\/19"}],"replies":[{"embeddable":true,"href":"https:\/\/elluchador.info\/index.php?rest_route=%2Fwp%2Fv2%2Fcomments&post=234488"}],"version-history":[{"count":1,"href":"https:\/\/elluchador.info\/index.php?rest_route=\/wp\/v2\/posts\/234488\/revisions"}],"predecessor-version":[{"id":234490,"href":"https:\/\/elluchador.info\/index.php?rest_route=\/wp\/v2\/posts\/234488\/revisions\/234490"}],"wp:featuredmedia":[{"embeddable":true,"href":"https:\/\/elluchador.info\/index.php?rest_route=\/wp\/v2\/media\/234489"}],"wp:attachment":[{"href":"https:\/\/elluchador.info\/index.php?rest_route=%2Fwp%2Fv2%2Fmedia&parent=234488"}],"wp:term":[{"taxonomy":"category","embeddable":true,"href":"https:\/\/elluchador.info\/index.php?rest_route=%2Fwp%2Fv2%2Fcategories&post=234488"},{"taxonomy":"post_tag","embeddable":true,"href":"https:\/\/elluchador.info\/index.php?rest_route=%2Fwp%2Fv2%2Ftags&post=234488"}],"curies":[{"name":"wp","href":"https:\/\/api.w.org\/{rel}","templated":true}]}}