{"id":234491,"date":"2022-12-29T14:56:23","date_gmt":"2022-12-29T18:56:23","guid":{"rendered":"https:\/\/elluchador.info\/web\/?p=234491"},"modified":"2022-12-29T14:56:43","modified_gmt":"2022-12-29T18:56:43","slug":"mbappe-asegura-que-derrota-en-el-mundial-nunca-podra-digerirla","status":"publish","type":"post","link":"https:\/\/elluchador.info\/?p=234491","title":{"rendered":"Mbapp\u00e9 asegura que la derrota en el Mundial \u00abnunca podr\u00e1 digerirla\u00bb"},"content":{"rendered":"<p>El delantero franc\u00e9s\u00a0Kylian Mbapp\u00e9\u00a0cree que nunca va a poder digerir la derrota en la\u00a0final del Mundial Qatar 2022,\u00a0pero afirm\u00f3 estar centrado en su club, el\u00a0Par\u00eds Saint-Germain (PSG), y rest\u00f3 importancia a posibles pol\u00e9micas por las celebraciones argentinas del t\u00edtulo.<\/p>\n<blockquote><p>\u00abPienso que nunca va a digerirse. Ahora, como he dicho al entrenador y a los compa\u00f1eros de equipo,\u00a0no hay ninguna raz\u00f3n para que mi club pague un fracaso en la selecci\u00f3n\u00bb, dijo el futbolista a la prensa francesa tras el encuentro liguero disputado con el Estrasburgo.<\/p><\/blockquote>\n<div><\/div>\n<p>En sus primeras declaraciones tras el retorno del Mundial, Mbapp\u00e9 admiti\u00f3 que los \u00faltimos d\u00edas fueron dif\u00edciles, pero dijo que le \u00abhace bien\u00bb volver a jugar a su club -fue, de hecho, clave para la victoria del PSG anoche (2-1)- y sentir el cari\u00f1o de sus aficionados.<\/p>\n<blockquote><p>\u00abHe intentado volver con la mejor energ\u00eda posible\u00bb, asegur\u00f3.<\/p><\/blockquote>\n<p>Consultado sobre si hab\u00eda hablado con su compa\u00f1ero de equipo pero rival en la final, Lionel Messi, y por las celebraciones argentinas de la victoria, Mbapp\u00e9 rechaz\u00f3 sumarse a cualquier pol\u00e9mica.<\/p>\n<p>\u00abHabl\u00e9 un poco con \u00e9l tras el partido. Le felicit\u00e9 porque era la b\u00fasqueda de una vida para \u00e9l. Para m\u00ed tambi\u00e9n, pero yo fall\u00e9 y hay que ser siempre buen jugador.\u00a0Las celebraciones no son mi problema. No hay que perder energ\u00eda en cosas tan in\u00fatiles\u00bb, asever\u00f3.<\/p>\n<div>EFE<\/div>\n","protected":false},"excerpt":{"rendered":"<p>El delantero franc\u00e9s\u00a0Kylian Mbapp\u00e9\u00a0cree que nunca va a poder digerir la derrota en la\u00a0final del Mundial Qatar 2022,\u00a0pero afirm\u00f3 estar centrado en su club, el\u00a0Par\u00eds Saint-Germain (PSG), y rest\u00f3 importancia a posibles pol\u00e9micas por las celebraciones argentinas del t\u00edtulo. \u00abPienso que nunca va a digerirse. Ahora, como he dicho al entrenador y a los compa\u00f1eros [&hellip;]<\/p>\n","protected":false},"author":19,"featured_media":234493,"comment_status":"closed","ping_status":"closed","sticky":false,"template":"","format":"standard","meta":{"footnotes":""},"categories":[4],"tags":[],"class_list":{"0":"post-234491","1":"post","2":"type-post","3":"status-publish","4":"format-standard","5":"has-post-thumbnail","7":"category-deportes"},"_links":{"self":[{"href":"https:\/\/elluchador.info\/index.php?rest_route=\/wp\/v2\/posts\/234491","targetHints":{"allow":["GET"]}}],"collection":[{"href":"https:\/\/elluchador.info\/index.php?rest_route=\/wp\/v2\/posts"}],"about":[{"href":"https:\/\/elluchador.info\/index.php?rest_route=\/wp\/v2\/types\/post"}],"author":[{"embeddable":true,"href":"https:\/\/elluchador.info\/index.php?rest_route=\/wp\/v2\/users\/19"}],"replies":[{"embeddable":true,"href":"https:\/\/elluchador.info\/index.php?rest_route=%2Fwp%2Fv2%2Fcomments&post=234491"}],"version-history":[{"count":2,"href":"https:\/\/elluchador.info\/index.php?rest_route=\/wp\/v2\/posts\/234491\/revisions"}],"predecessor-version":[{"id":234497,"href":"https:\/\/elluchador.info\/index.php?rest_route=\/wp\/v2\/posts\/234491\/revisions\/234497"}],"wp:featuredmedia":[{"embeddable":true,"href":"https:\/\/elluchador.info\/index.php?rest_route=\/wp\/v2\/media\/234493"}],"wp:attachment":[{"href":"https:\/\/elluchador.info\/index.php?rest_route=%2Fwp%2Fv2%2Fmedia&parent=234491"}],"wp:term":[{"taxonomy":"category","embeddable":true,"href":"https:\/\/elluchador.info\/index.php?rest_route=%2Fwp%2Fv2%2Fcategories&post=234491"},{"taxonomy":"post_tag","embeddable":true,"href":"https:\/\/elluchador.info\/index.php?rest_route=%2Fwp%2Fv2%2Ftags&post=234491"}],"curies":[{"name":"wp","href":"https:\/\/api.w.org\/{rel}","templated":true}]}}