{"id":234511,"date":"2022-12-29T15:29:17","date_gmt":"2022-12-29T19:29:17","guid":{"rendered":"https:\/\/elluchador.info\/web\/?p=234511"},"modified":"2022-12-29T15:29:17","modified_gmt":"2022-12-29T19:29:17","slug":"fallecio-el-rey-pele-estrella-y-leyenda-del-futbol-mundial","status":"publish","type":"post","link":"https:\/\/elluchador.info\/?p=234511","title":{"rendered":"Falleci\u00f3 el &#8216;Rey&#8217; Pel\u00e9, estrella y leyenda del f\u00fatbol mundial"},"content":{"rendered":"<p class=\"story-contents__font-paragraph \">Edson Arantes do Nascimiento o m\u00e1s conocido como\u00a0<a href=\"https:\/\/elcomercio.pe\/noticias\/pele\/\" target=\"_blank\" rel=\"noopener\"><u>Pel\u00e9<\/u><\/a>, falleci\u00f3 este jueves 29 de diciembre a los 82 a\u00f1os. As\u00ed lo inform\u00f3 la Agencia AP.<\/p>\n<p class=\"story-contents__font-paragraph \">El deportista que defendi\u00f3 los colores de la selecci\u00f3n brasile\u00f1a no logr\u00f3 vencer el c\u00e1ncer que fue diagnosticado en 2021 y la met\u00e1stasis a principios de 2022.<\/p>\n<div class=\"story-contents__embed embed-script\" data-type=\"twitter\">\n<div class=\"twitter-tweet twitter-tweet-rendered\"><iframe id=\"twitter-widget-0\" class=\"\" title=\"Twitter Tweet\" src=\"https:\/\/platform.twitter.com\/embed\/Tweet.html?creatorScreenName=elcomercio_peru&amp;dnt=false&amp;embedId=twitter-widget-0&amp;features=eyJ0ZndfdGltZWxpbmVfbGlzdCI6eyJidWNrZXQiOlsibGlua3RyLmVlIiwidHIuZWUiLCJ0ZXJyYS5jb20uYnIiLCJ3d3cubGlua3RyLmVlIiwid3d3LnRyLmVlIiwid3d3LnRlcnJhLmNvbS5iciJdLCJ2ZXJzaW9uIjpudWxsfSwidGZ3X2hvcml6b25fdGltZWxpbmVfMTIwMzQiOnsiYnVja2V0IjoidHJlYXRtZW50IiwidmVyc2lvbiI6bnVsbH0sInRmd190d2VldF9lZGl0X2JhY2tlbmQiOnsiYnVja2V0Ijoib24iLCJ2ZXJzaW9uIjpudWxsfSwidGZ3X3JlZnNyY19zZXNzaW9uIjp7ImJ1Y2tldCI6Im9uIiwidmVyc2lvbiI6bnVsbH0sInRmd19zaG93X2J1c2luZXNzX3ZlcmlmaWVkX2JhZGdlIjp7ImJ1Y2tldCI6Im9uIiwidmVyc2lvbiI6bnVsbH0sInRmd19jaGluX3BpbGxzXzE0NzQxIjp7ImJ1Y2tldCI6ImNvbG9yX2ljb25zIiwidmVyc2lvbiI6bnVsbH0sInRmd190d2VldF9yZXN1bHRfbWlncmF0aW9uXzEzOTc5Ijp7ImJ1Y2tldCI6InR3ZWV0X3Jlc3VsdCIsInZlcnNpb24iOm51bGx9LCJ0ZndfbWl4ZWRfbWVkaWFfMTU4OTciOnsiYnVja2V0IjoidHJlYXRtZW50IiwidmVyc2lvbiI6bnVsbH0sInRmd19zZW5zaXRpdmVfbWVkaWFfaW50ZXJzdGl0aWFsXzEzOTYzIjp7ImJ1Y2tldCI6ImludGVyc3RpdGlhbCIsInZlcnNpb24iOm51bGx9LCJ0ZndfZXhwZXJpbWVudHNfY29va2llX2V4cGlyYXRpb24iOnsiYnVja2V0IjoxMjA5NjAwLCJ2ZXJzaW9uIjpudWxsfSwidGZ3X2R1cGxpY2F0ZV9zY3JpYmVzX3RvX3NldHRpbmdzIjp7ImJ1Y2tldCI6Im9uIiwidmVyc2lvbiI6bnVsbH0sInRmd192aWRlb19obHNfZHluYW1pY19tYW5pZmVzdHNfMTUwODIiOnsiYnVja2V0IjoidHJ1ZV9iaXRyYXRlIiwidmVyc2lvbiI6bnVsbH0sInRmd19zaG93X2JsdWVfdmVyaWZpZWRfYmFkZ2UiOnsiYnVja2V0Ijoib24iLCJ2ZXJzaW9uIjpudWxsfSwidGZ3X3Nob3dfZ292X3ZlcmlmaWVkX2JhZGdlIjp7ImJ1Y2tldCI6Im9uIiwidmVyc2lvbiI6bnVsbH0sInRmd19zaG93X2J1c2luZXNzX2FmZmlsaWF0ZV9iYWRnZSI6eyJidWNrZXQiOiJvbiIsInZlcnNpb24iOm51bGx9LCJ0ZndfdHdlZXRfZWRpdF9mcm9udGVuZCI6eyJidWNrZXQiOiJvbiIsInZlcnNpb24iOm51bGx9fQ%3D%3D&amp;frame=false&amp;hideCard=false&amp;hideThread=false&amp;id=1608537201037516802&amp;lang=es&amp;origin=https%3A%2F%2Felcomercio.pe%2Fdeporte-total%2Fseleccion%2Fmurio-pele-exjugador-fallecio-a-los-82-anos-enfermedad-cancer-colon-seleccion-brasil-mundial-rmmd-dtbn-video-noticia%2F&amp;sessionId=38575de94ecf7ec6e27c6681e0c33dfe609f8adb&amp;siteScreenName=elcomercio_peru&amp;theme=light&amp;widgetsVersion=a3525f077c700%3A1667415560940&amp;width=550px\" frameborder=\"0\" scrolling=\"no\" allowfullscreen=\"allowfullscreen\" data-tweet-id=\"1608537201037516802\" data-mce-fragment=\"1\"><\/iframe><\/div>\n<\/div>\n<p class=\"story-contents__font-paragraph \">Debut\u00f3 con la selecci\u00f3n brasile\u00f1a en 1957 a los 16 a\u00f1os de edad y es, junto con Neymar, el m\u00e1ximo goleador de la Sele\u00e7\u00e3o con 77 goles. Asimismo, fund\u00f3 el estilo \u2018jogo bonito\u2019 y disput\u00f3 cuatro Copas Mundiales, de las que fue campe\u00f3n en 1958, 1962 y 1970, siendo el futbolista que m\u00e1s veces y m\u00e1s joven la ha obtenido.<\/p>\n<p class=\"story-contents__font-paragraph \">De esta manera, el exdelantero registr\u00f3 un total de 12 goles en 14 partidos mundialistas y fue elegido como mejor jugador en 1970 y el mejor jugador joven en 1958. Nunca pudo ganar la Copa Am\u00e9rica y su mejor participaci\u00f3n fue el subcampeonato de 1959.<\/p>\n<p>ElComercio<\/p>\n","protected":false},"excerpt":{"rendered":"<p>Edson Arantes do Nascimiento o m\u00e1s conocido como\u00a0Pel\u00e9, falleci\u00f3 este jueves 29 de diciembre a los 82 a\u00f1os. As\u00ed lo inform\u00f3 la Agencia AP. El deportista que defendi\u00f3 los colores de la selecci\u00f3n brasile\u00f1a no logr\u00f3 vencer el c\u00e1ncer que fue diagnosticado en 2021 y la met\u00e1stasis a principios de 2022. Debut\u00f3 con la selecci\u00f3n [&hellip;]<\/p>\n","protected":false},"author":19,"featured_media":234512,"comment_status":"closed","ping_status":"closed","sticky":false,"template":"","format":"standard","meta":{"footnotes":""},"categories":[4],"tags":[],"class_list":{"0":"post-234511","1":"post","2":"type-post","3":"status-publish","4":"format-standard","5":"has-post-thumbnail","7":"category-deportes"},"_links":{"self":[{"href":"https:\/\/elluchador.info\/index.php?rest_route=\/wp\/v2\/posts\/234511","targetHints":{"allow":["GET"]}}],"collection":[{"href":"https:\/\/elluchador.info\/index.php?rest_route=\/wp\/v2\/posts"}],"about":[{"href":"https:\/\/elluchador.info\/index.php?rest_route=\/wp\/v2\/types\/post"}],"author":[{"embeddable":true,"href":"https:\/\/elluchador.info\/index.php?rest_route=\/wp\/v2\/users\/19"}],"replies":[{"embeddable":true,"href":"https:\/\/elluchador.info\/index.php?rest_route=%2Fwp%2Fv2%2Fcomments&post=234511"}],"version-history":[{"count":1,"href":"https:\/\/elluchador.info\/index.php?rest_route=\/wp\/v2\/posts\/234511\/revisions"}],"predecessor-version":[{"id":234513,"href":"https:\/\/elluchador.info\/index.php?rest_route=\/wp\/v2\/posts\/234511\/revisions\/234513"}],"wp:featuredmedia":[{"embeddable":true,"href":"https:\/\/elluchador.info\/index.php?rest_route=\/wp\/v2\/media\/234512"}],"wp:attachment":[{"href":"https:\/\/elluchador.info\/index.php?rest_route=%2Fwp%2Fv2%2Fmedia&parent=234511"}],"wp:term":[{"taxonomy":"category","embeddable":true,"href":"https:\/\/elluchador.info\/index.php?rest_route=%2Fwp%2Fv2%2Fcategories&post=234511"},{"taxonomy":"post_tag","embeddable":true,"href":"https:\/\/elluchador.info\/index.php?rest_route=%2Fwp%2Fv2%2Ftags&post=234511"}],"curies":[{"name":"wp","href":"https:\/\/api.w.org\/{rel}","templated":true}]}}