{"id":234529,"date":"2022-12-29T16:18:34","date_gmt":"2022-12-29T20:18:34","guid":{"rendered":"https:\/\/elluchador.info\/web\/?p=234529"},"modified":"2022-12-29T16:18:34","modified_gmt":"2022-12-29T20:18:34","slug":"gobierno-municipal-trabaja-en-el-mantenimiento-de-ciudad-bolivar","status":"publish","type":"post","link":"https:\/\/elluchador.info\/?p=234529","title":{"rendered":"Gobierno municipal trabaja en el mantenimiento de Ciudad Bol\u00edvar"},"content":{"rendered":"<p>Mediante el accionar revolucionario y las pol\u00edticas ambientales, los equipos de la direcci\u00f3n de Servicios Generales Municipales mantienen las labores de limpieza y erradicaci\u00f3n de vertederos espont\u00e1neos en Ciudad Bol\u00edvar.<\/p>\n<p>As\u00ed lo dio a conocer el director de esa dependencia, Alfredo Villanera, quien resalt\u00f3 que gracias a las instrucciones del alcalde Sergio Hern\u00e1ndez junto al poder popular se mantienen las tareas en materia de recolecci\u00f3n de los desechos s\u00f3lidos, mantenimiento de la ciudad y eliminaci\u00f3n de vertederos espont\u00e1neos.<\/p>\n<p>Villanera coment\u00f3 que a diario eliminan hasta 30 vertederos espont\u00e1neos en los sectores de Ciudad Bol\u00edvar, por lo que inst\u00f3 a las personas a mantener sus \u00e1reas saneadas, ya que un lugar limpio es sin\u00f3nimo de salud en las comunidades.<\/p>\n<p>\u201cNosotros estamos desplegados en toda Ciudad Bol\u00edvar, continuamos con los horarios de recolecci\u00f3n de desechos s\u00f3lidos y as\u00ed recolectar los desechos para llevarlos hasta el sitio de la disposici\u00f3n final\u201d, dijo Villanera.<\/p>\n<p>Adem\u00e1s coment\u00f3 que como un solo gobierno, contin\u00faan con las pol\u00edticas del presidente Nicol\u00e1s Maduro y del gobernador \u00c1ngel Marcano; para as\u00ed seguir optimizando los servicios p\u00fablicos para el bienestar de todos los bolivarenses.<\/p>\n<p>Con informaci\u00f3n de Prensa Alcald\u00eda A\/O.<\/p>\n","protected":false},"excerpt":{"rendered":"<p>Mediante el accionar revolucionario y las pol\u00edticas ambientales, los equipos de la direcci\u00f3n de Servicios Generales Municipales mantienen las labores de limpieza y erradicaci\u00f3n de vertederos espont\u00e1neos en Ciudad Bol\u00edvar. As\u00ed lo dio a conocer el director de esa dependencia, Alfredo Villanera, quien resalt\u00f3 que gracias a las instrucciones del alcalde Sergio Hern\u00e1ndez junto al [&hellip;]<\/p>\n","protected":false},"author":19,"featured_media":234530,"comment_status":"closed","ping_status":"closed","sticky":false,"template":"","format":"standard","meta":{"footnotes":""},"categories":[20],"tags":[],"class_list":{"0":"post-234529","1":"post","2":"type-post","3":"status-publish","4":"format-standard","5":"has-post-thumbnail","7":"category-municipal"},"_links":{"self":[{"href":"https:\/\/elluchador.info\/index.php?rest_route=\/wp\/v2\/posts\/234529","targetHints":{"allow":["GET"]}}],"collection":[{"href":"https:\/\/elluchador.info\/index.php?rest_route=\/wp\/v2\/posts"}],"about":[{"href":"https:\/\/elluchador.info\/index.php?rest_route=\/wp\/v2\/types\/post"}],"author":[{"embeddable":true,"href":"https:\/\/elluchador.info\/index.php?rest_route=\/wp\/v2\/users\/19"}],"replies":[{"embeddable":true,"href":"https:\/\/elluchador.info\/index.php?rest_route=%2Fwp%2Fv2%2Fcomments&post=234529"}],"version-history":[{"count":1,"href":"https:\/\/elluchador.info\/index.php?rest_route=\/wp\/v2\/posts\/234529\/revisions"}],"predecessor-version":[{"id":234531,"href":"https:\/\/elluchador.info\/index.php?rest_route=\/wp\/v2\/posts\/234529\/revisions\/234531"}],"wp:featuredmedia":[{"embeddable":true,"href":"https:\/\/elluchador.info\/index.php?rest_route=\/wp\/v2\/media\/234530"}],"wp:attachment":[{"href":"https:\/\/elluchador.info\/index.php?rest_route=%2Fwp%2Fv2%2Fmedia&parent=234529"}],"wp:term":[{"taxonomy":"category","embeddable":true,"href":"https:\/\/elluchador.info\/index.php?rest_route=%2Fwp%2Fv2%2Fcategories&post=234529"},{"taxonomy":"post_tag","embeddable":true,"href":"https:\/\/elluchador.info\/index.php?rest_route=%2Fwp%2Fv2%2Ftags&post=234529"}],"curies":[{"name":"wp","href":"https:\/\/api.w.org\/{rel}","templated":true}]}}