{"id":234567,"date":"2022-12-30T13:41:13","date_gmt":"2022-12-30T17:41:13","guid":{"rendered":"https:\/\/elluchador.info\/web\/?p=234567"},"modified":"2022-12-30T13:41:13","modified_gmt":"2022-12-30T17:41:13","slug":"motorizados-de-el-callao-incumplen-decreto-municipal","status":"publish","type":"post","link":"https:\/\/elluchador.info\/?p=234567","title":{"rendered":"Motorizados de El Callao incumplen decreto municipal"},"content":{"rendered":"<div class=\"\" data-block=\"true\" data-editor=\"c1vr\" data-offset-key=\"28cvh-0-0\">\n<div class=\"_1mf _1mj\" data-offset-key=\"28cvh-0-0\">La mayor\u00eda de motorizados que se trasladan por las diversas calles de El Callao, no cumplen el decreto municipal, donde se proh\u00edbe el tr\u00e1nsito de motos despu\u00e9s de pasadas las 9 de la noche, la afirmaci\u00f3n pudo ser corroborada en varios puntos de la localidad donde el control del tema vial es casi nulo.<\/div>\n<\/div>\n<div class=\"\" data-block=\"true\" data-editor=\"c1vr\" data-offset-key=\"b8kaj-0-0\">\n<div class=\"_1mf _1mj\" data-offset-key=\"b8kaj-0-0\"><span data-offset-key=\"b8kaj-0-0\">\u00a0<\/span><\/div>\n<\/div>\n<div class=\"\" data-block=\"true\" data-editor=\"c1vr\" data-offset-key=\"d61al-0-0\">\n<div class=\"_1mf _1mj\" data-offset-key=\"d61al-0-0\"><span data-offset-key=\"d61al-0-0\">\u201cHay lugares como la plazoleta La Zona y el cruce de la Caratal donde los motorizados pasan a lo que dan las motos y comiendo flecha sin que nadie les diga nada\u201d, declar\u00f3 Josefina Garc\u00eda quien record\u00f3 que hace poco menos de 15 d\u00edas se realiz\u00f3 un decreto municipal, el cual no es cumplido de ninguna forma.<\/span><\/div>\n<\/div>\n<div class=\"\" data-block=\"true\" data-editor=\"c1vr\" data-offset-key=\"1cq-0-0\">\n<div class=\"_1mf _1mj\" data-offset-key=\"1cq-0-0\"><span data-offset-key=\"1cq-0-0\">\u00a0<\/span><\/div>\n<\/div>\n<div class=\"\" data-block=\"true\" data-editor=\"c1vr\" data-offset-key=\"buvg2-0-0\">\n<div class=\"_1mf _1mj\" data-offset-key=\"buvg2-0-0\"><span data-offset-key=\"buvg2-0-0\">Cabe recordar que el alcalde Jes\u00fas Coromoto Lugo emiti\u00f3 el mencionado decreto como una medida ante la creciente ola de robos y accidentes donde motorizados se ve\u00edan inmersos, pero la misma no ha sido respaldada efectivamente.<\/span><\/div>\n<\/div>\n<div class=\"\" data-block=\"true\" data-editor=\"c1vr\" data-offset-key=\"3527d-0-0\">\n<div class=\"_1mf _1mj\" data-offset-key=\"3527d-0-0\"><span data-offset-key=\"3527d-0-0\">\u00a0<\/span><\/div>\n<\/div>\n<div class=\"\" data-block=\"true\" data-editor=\"c1vr\" data-offset-key=\"2fefn-0-0\">\n<div class=\"_1mf _1mj\" data-offset-key=\"2fefn-0-0\"><span data-offset-key=\"2fefn-0-0\">En tal sentido, tambi\u00e9n se ha podido constatar que el n\u00famero de accidentes a toda hora ha aumentado, con la particularidad de que muchos motorizados siguen incumpliendo las m\u00ednimas normativas de tr\u00e1nsito terrestre, sin que exista un verdadero control al respecto.<\/span><\/div>\n<\/div>\n<div class=\"\" data-block=\"true\" data-editor=\"c1vr\" data-offset-key=\"b6krd-0-0\">\n<div class=\"_1mf _1mj\" data-offset-key=\"b6krd-0-0\"><span data-offset-key=\"b6krd-0-0\">\u00a0<\/span><\/div>\n<\/div>\n<div class=\"\" data-block=\"true\" data-editor=\"c1vr\" data-offset-key=\"aalme-0-0\">\n<div class=\"_1mf _1mj\" data-offset-key=\"aalme-0-0\"><span data-offset-key=\"aalme-0-0\">\u201cLos motorizados son los due\u00f1os de las calles\u201d, sentenci\u00f3 un usuario quien pidi\u00f3 reservar su nombre, reflejando as\u00ed la opini\u00f3n de muchos habitantes de la localidad minera.<\/span><\/div>\n<\/div>\n<div class=\"\" data-block=\"true\" data-editor=\"c1vr\" data-offset-key=\"49dng-0-0\">\n<div class=\"_1mf _1mj\" data-offset-key=\"49dng-0-0\"><span data-offset-key=\"49dng-0-0\">\u00a0<\/span><\/div>\n<\/div>\n<div class=\"\" data-block=\"true\" data-editor=\"c1vr\" data-offset-key=\"ahqr0-0-0\">\n<div class=\"_1mf _1mj\" data-offset-key=\"ahqr0-0-0\"><span data-offset-key=\"ahqr0-0-0\">Nueva Prensa <\/span><\/div>\n<\/div>\n","protected":false},"excerpt":{"rendered":"<p>La mayor\u00eda de motorizados que se trasladan por las diversas calles de El Callao, no cumplen el decreto municipal, donde se proh\u00edbe el tr\u00e1nsito de motos despu\u00e9s de pasadas las 9 de la noche, la afirmaci\u00f3n pudo ser corroborada en varios puntos de la localidad donde el control del tema vial es casi nulo. \u00a0 [&hellip;]<\/p>\n","protected":false},"author":19,"featured_media":234568,"comment_status":"closed","ping_status":"closed","sticky":false,"template":"","format":"standard","meta":{"footnotes":""},"categories":[13],"tags":[],"class_list":{"0":"post-234567","1":"post","2":"type-post","3":"status-publish","4":"format-standard","5":"has-post-thumbnail","7":"category-sucesos"},"_links":{"self":[{"href":"https:\/\/elluchador.info\/index.php?rest_route=\/wp\/v2\/posts\/234567","targetHints":{"allow":["GET"]}}],"collection":[{"href":"https:\/\/elluchador.info\/index.php?rest_route=\/wp\/v2\/posts"}],"about":[{"href":"https:\/\/elluchador.info\/index.php?rest_route=\/wp\/v2\/types\/post"}],"author":[{"embeddable":true,"href":"https:\/\/elluchador.info\/index.php?rest_route=\/wp\/v2\/users\/19"}],"replies":[{"embeddable":true,"href":"https:\/\/elluchador.info\/index.php?rest_route=%2Fwp%2Fv2%2Fcomments&post=234567"}],"version-history":[{"count":1,"href":"https:\/\/elluchador.info\/index.php?rest_route=\/wp\/v2\/posts\/234567\/revisions"}],"predecessor-version":[{"id":234569,"href":"https:\/\/elluchador.info\/index.php?rest_route=\/wp\/v2\/posts\/234567\/revisions\/234569"}],"wp:featuredmedia":[{"embeddable":true,"href":"https:\/\/elluchador.info\/index.php?rest_route=\/wp\/v2\/media\/234568"}],"wp:attachment":[{"href":"https:\/\/elluchador.info\/index.php?rest_route=%2Fwp%2Fv2%2Fmedia&parent=234567"}],"wp:term":[{"taxonomy":"category","embeddable":true,"href":"https:\/\/elluchador.info\/index.php?rest_route=%2Fwp%2Fv2%2Fcategories&post=234567"},{"taxonomy":"post_tag","embeddable":true,"href":"https:\/\/elluchador.info\/index.php?rest_route=%2Fwp%2Fv2%2Ftags&post=234567"}],"curies":[{"name":"wp","href":"https:\/\/api.w.org\/{rel}","templated":true}]}}