{"id":234604,"date":"2022-12-30T15:08:52","date_gmt":"2022-12-30T19:08:52","guid":{"rendered":"https:\/\/elluchador.info\/web\/?p=234604"},"modified":"2022-12-30T15:08:52","modified_gmt":"2022-12-30T19:08:52","slug":"lewandowski-y-araujo-entran-en-la-convocatoria-ante-el-espanyol","status":"publish","type":"post","link":"https:\/\/elluchador.info\/?p=234604","title":{"rendered":"Lewandowski y Araujo entran en la convocatoria ante el Espanyol"},"content":{"rendered":"<p><strong>El delantero Robert Lewandowski y el defensa Ronald Araujo son las dos grandes novedades de la convocatoria que el entrenador del Barcelona, Xavi Hern\u00e1ndez, ha dado para recibir este s\u00e1bado al Espanyol en el derbi de LaLiga Santander<\/strong>.<\/p>\n<p>Lewandowski entra en la lista despu\u00e9s de que el Tribunal Central Contencioso de Madrid haya suspendido cautelarmente la sanci\u00f3n de tres partidos que recibi\u00f3 tras su expulsi\u00f3n ante Osasuna.<\/p>\n<figure class=\"wp-block-embed is-type-rich is-provider-twitter wp-block-embed-twitter\">\n<div class=\"wp-block-embed__wrapper\">\n<div class=\"twitter-tweet twitter-tweet-rendered\"><iframe id=\"twitter-widget-0\" class=\"\" title=\"Twitter Tweet\" src=\"https:\/\/platform.twitter.com\/embed\/Tweet.html?dnt=true&amp;embedId=twitter-widget-0&amp;features=eyJ0ZndfdGltZWxpbmVfbGlzdCI6eyJidWNrZXQiOlsibGlua3RyLmVlIiwidHIuZWUiLCJ0ZXJyYS5jb20uYnIiLCJ3d3cubGlua3RyLmVlIiwid3d3LnRyLmVlIiwid3d3LnRlcnJhLmNvbS5iciJdLCJ2ZXJzaW9uIjpudWxsfSwidGZ3X2hvcml6b25fdGltZWxpbmVfMTIwMzQiOnsiYnVja2V0IjoidHJlYXRtZW50IiwidmVyc2lvbiI6bnVsbH0sInRmd190d2VldF9lZGl0X2JhY2tlbmQiOnsiYnVja2V0Ijoib24iLCJ2ZXJzaW9uIjpudWxsfSwidGZ3X3JlZnNyY19zZXNzaW9uIjp7ImJ1Y2tldCI6Im9uIiwidmVyc2lvbiI6bnVsbH0sInRmd19zaG93X2J1c2luZXNzX3ZlcmlmaWVkX2JhZGdlIjp7ImJ1Y2tldCI6Im9uIiwidmVyc2lvbiI6bnVsbH0sInRmd19jaGluX3BpbGxzXzE0NzQxIjp7ImJ1Y2tldCI6ImNvbG9yX2ljb25zIiwidmVyc2lvbiI6bnVsbH0sInRmd190d2VldF9yZXN1bHRfbWlncmF0aW9uXzEzOTc5Ijp7ImJ1Y2tldCI6InR3ZWV0X3Jlc3VsdCIsInZlcnNpb24iOm51bGx9LCJ0ZndfbWl4ZWRfbWVkaWFfMTU4OTciOnsiYnVja2V0IjoidHJlYXRtZW50IiwidmVyc2lvbiI6bnVsbH0sInRmd19zZW5zaXRpdmVfbWVkaWFfaW50ZXJzdGl0aWFsXzEzOTYzIjp7ImJ1Y2tldCI6ImludGVyc3RpdGlhbCIsInZlcnNpb24iOm51bGx9LCJ0ZndfZXhwZXJpbWVudHNfY29va2llX2V4cGlyYXRpb24iOnsiYnVja2V0IjoxMjA5NjAwLCJ2ZXJzaW9uIjpudWxsfSwidGZ3X2R1cGxpY2F0ZV9zY3JpYmVzX3RvX3NldHRpbmdzIjp7ImJ1Y2tldCI6Im9uIiwidmVyc2lvbiI6bnVsbH0sInRmd192aWRlb19obHNfZHluYW1pY19tYW5pZmVzdHNfMTUwODIiOnsiYnVja2V0IjoidHJ1ZV9iaXRyYXRlIiwidmVyc2lvbiI6bnVsbH0sInRmd19zaG93X2JsdWVfdmVyaWZpZWRfYmFkZ2UiOnsiYnVja2V0Ijoib24iLCJ2ZXJzaW9uIjpudWxsfSwidGZ3X3Nob3dfZ292X3ZlcmlmaWVkX2JhZGdlIjp7ImJ1Y2tldCI6Im9uIiwidmVyc2lvbiI6bnVsbH0sInRmd19zaG93X2J1c2luZXNzX2FmZmlsaWF0ZV9iYWRnZSI6eyJidWNrZXQiOiJvbiIsInZlcnNpb24iOm51bGx9LCJ0ZndfdHdlZXRfZWRpdF9mcm9udGVuZCI6eyJidWNrZXQiOiJvbiIsInZlcnNpb24iOm51bGx9fQ%3D%3D&amp;frame=false&amp;hideCard=false&amp;hideThread=false&amp;id=1608793989842444288&amp;lang=es&amp;origin=https%3A%2F%2Funionradio.net%2Flewandowski-y-araujo-entran-en-la-convocatoria-ante-el-espanyol%2F&amp;sessionId=703acfa0b6a784ec11d2e559d0c625efe3d705e4&amp;theme=light&amp;widgetsVersion=a3525f077c700%3A1667415560940&amp;width=500px\" frameborder=\"0\" scrolling=\"no\" allowfullscreen=\"allowfullscreen\" data-tweet-id=\"1608793989842444288\" data-mce-fragment=\"1\"><\/iframe><\/div>\n<\/div>\n<\/figure>\n<p>Y Araujo ha recibido el alta m\u00e9dica, despu\u00e9s de recuperarse satisfactoriamente de la avulsi\u00f3n del tend\u00f3n del aductor largo del muslo derecho de la que fue intervenido hace tres meses.<\/p>\n<p>Por tanto, Xavi cuenta con la plantilla al completo para el derbi y ha convocado a estos 24 futbolistas: Ter Stegen, I\u00f1aki Pe\u00f1a, Arnau Tenas, Beller\u00edn, Araujo, Sergio Busquets, Demb\u00e9l\u00e9, Pedri, Lewandowski, Ansu Fati, Ferran Torres, Memphis, Christensen, Marcos Alonso, Jordi Alba, Kessie, Sergi Roberto, Frenkie de Jong, Raphinha, Kound\u00e9, Eric Garcia, Balde, Gavi y Pablo Torre.<\/p>\n<p>EFE\/Uni\u00f3n Radio<\/p>\n","protected":false},"excerpt":{"rendered":"<p>El delantero Robert Lewandowski y el defensa Ronald Araujo son las dos grandes novedades de la convocatoria que el entrenador del Barcelona, Xavi Hern\u00e1ndez, ha dado para recibir este s\u00e1bado al Espanyol en el derbi de LaLiga Santander. Lewandowski entra en la lista despu\u00e9s de que el Tribunal Central Contencioso de Madrid haya suspendido cautelarmente [&hellip;]<\/p>\n","protected":false},"author":19,"featured_media":234605,"comment_status":"closed","ping_status":"closed","sticky":false,"template":"","format":"standard","meta":{"footnotes":""},"categories":[4],"tags":[],"class_list":{"0":"post-234604","1":"post","2":"type-post","3":"status-publish","4":"format-standard","5":"has-post-thumbnail","7":"category-deportes"},"_links":{"self":[{"href":"https:\/\/elluchador.info\/index.php?rest_route=\/wp\/v2\/posts\/234604","targetHints":{"allow":["GET"]}}],"collection":[{"href":"https:\/\/elluchador.info\/index.php?rest_route=\/wp\/v2\/posts"}],"about":[{"href":"https:\/\/elluchador.info\/index.php?rest_route=\/wp\/v2\/types\/post"}],"author":[{"embeddable":true,"href":"https:\/\/elluchador.info\/index.php?rest_route=\/wp\/v2\/users\/19"}],"replies":[{"embeddable":true,"href":"https:\/\/elluchador.info\/index.php?rest_route=%2Fwp%2Fv2%2Fcomments&post=234604"}],"version-history":[{"count":1,"href":"https:\/\/elluchador.info\/index.php?rest_route=\/wp\/v2\/posts\/234604\/revisions"}],"predecessor-version":[{"id":234606,"href":"https:\/\/elluchador.info\/index.php?rest_route=\/wp\/v2\/posts\/234604\/revisions\/234606"}],"wp:featuredmedia":[{"embeddable":true,"href":"https:\/\/elluchador.info\/index.php?rest_route=\/wp\/v2\/media\/234605"}],"wp:attachment":[{"href":"https:\/\/elluchador.info\/index.php?rest_route=%2Fwp%2Fv2%2Fmedia&parent=234604"}],"wp:term":[{"taxonomy":"category","embeddable":true,"href":"https:\/\/elluchador.info\/index.php?rest_route=%2Fwp%2Fv2%2Fcategories&post=234604"},{"taxonomy":"post_tag","embeddable":true,"href":"https:\/\/elluchador.info\/index.php?rest_route=%2Fwp%2Fv2%2Ftags&post=234604"}],"curies":[{"name":"wp","href":"https:\/\/api.w.org\/{rel}","templated":true}]}}