{"id":234610,"date":"2023-01-01T14:02:25","date_gmt":"2023-01-01T18:02:25","guid":{"rendered":"https:\/\/elluchador.info\/web\/?p=234610"},"modified":"2023-01-01T14:02:25","modified_gmt":"2023-01-01T18:02:25","slug":"venezuela-y-colombia-abren-su-frontera-al-paso-de-vehiculos","status":"publish","type":"post","link":"https:\/\/elluchador.info\/?p=234610","title":{"rendered":"Venezuela y Colombia abren su frontera al paso de veh\u00edculos"},"content":{"rendered":"<p>El Puente Internacional Tienditas, recientemente denominado \u201cAtanasio Girardot\u201d, ser\u00e1 el escenario de esta reapertura, con la que las autoridades de ambos pa\u00edses esperan impulsar la econom\u00eda en las regiones<\/p>\n<p>Venezuela y Colombia materializan este domingo la \u00abapertura total\u00bb de su frontera con la inauguraci\u00f3n de un puente binacional que permitir\u00e1 el paso de veh\u00edculos de todo tipo, algo que no ocurre desde 2015.<\/p>\n<p>El Puente Internacional Tienditas, recientemente denominado \u201cAtanasio Girardot\u201d, ser\u00e1 el escenario de esta reapertura, con la que las autoridades de ambos pa\u00edses esperan impulsar la econom\u00eda en esta regi\u00f3n.<\/p>\n<p>Desde principios de diciembre, cuando se anunci\u00f3 la \u00abreapertura total\u00bb de la frontera, Venezuela emprendi\u00f3 trabajos de remodelaci\u00f3n y restauraci\u00f3n en esta zona que empezaron con el retiro de los contenedores que dispuso como barrera en el puente, hace casi cuatro a\u00f1os, en medio de tensiones pol\u00edticas con el entonces presidente colombiano, Iv\u00e1n Duque.<\/p>\n<p>Autoridades venezolanas apuntaron que los trabajos en este acceso incluyeron la habilitaci\u00f3n del puesto de control para la entrada y salida del transporte \u00aba trav\u00e9s de ocho taquillas\u00bb y la adecuaci\u00f3n de espacios desde los cuales se fiscalizar\u00e1 el paso de camiones de carga pesada y de autobuses.<\/p>\n<p>Este s\u00e1bado, una vez culminadas las reparaciones, el presidente venezolano, Nicol\u00e1s Maduro, anunci\u00f3 que todo estaba listo para la inauguraci\u00f3n de esta estructura que nunca ha sido usada y que fue el escenario de un enfrentamiento armado en 2019, cuando se intent\u00f3 ingresar ayuda humanitaria sin autorizaci\u00f3n de la llamada revoluci\u00f3n bolivariana.<\/p>\n<p>Por su parte, el embajador de Colombia en Venezuela, Armando Benedetti, apunt\u00f3 que la reapertura de este paso vial es \u00abuna muestra m\u00e1s de la confianza rec\u00edproca\u00bb entre los pa\u00edses vecinos.<\/p>\n<p>El gobernador de T\u00e1chira, Freddy Bernal, quien ser\u00e1 el vocero oficial por Venezuela durante la apertura de este domingo, asegur\u00f3 recientemente que el puente \u00abse convertir\u00e1 en una referencia importante para el intercambio de mercanc\u00eda\u00bb.<\/p>\n<p>La inminente puesta en funcionamiento de esta estructura, ha dicho el gobernador, supone riesgos de seguridad que las autoridades est\u00e1n contemplando, especialmente los relacionados con la extorsi\u00f3n, as\u00ed como otros delitos que, prev\u00e9, empezar\u00e1n a detectarse producto de la mutaci\u00f3n de las bandas criminales ante esta nueva realidad. Fuente: EFE<\/p>\n","protected":false},"excerpt":{"rendered":"<p>El Puente Internacional Tienditas, recientemente denominado \u201cAtanasio Girardot\u201d, ser\u00e1 el escenario de esta reapertura, con la que las autoridades de ambos pa\u00edses esperan impulsar la econom\u00eda en las regiones Venezuela y Colombia materializan este domingo la \u00abapertura total\u00bb de su frontera con la inauguraci\u00f3n de un puente binacional que permitir\u00e1 el paso de veh\u00edculos de [&hellip;]<\/p>\n","protected":false},"author":19,"featured_media":234611,"comment_status":"closed","ping_status":"closed","sticky":false,"template":"","format":"standard","meta":{"footnotes":""},"categories":[5,9],"tags":[],"class_list":{"0":"post-234610","1":"post","2":"type-post","3":"status-publish","4":"format-standard","5":"has-post-thumbnail","7":"category-destacado","8":"category-nacionales"},"_links":{"self":[{"href":"https:\/\/elluchador.info\/index.php?rest_route=\/wp\/v2\/posts\/234610","targetHints":{"allow":["GET"]}}],"collection":[{"href":"https:\/\/elluchador.info\/index.php?rest_route=\/wp\/v2\/posts"}],"about":[{"href":"https:\/\/elluchador.info\/index.php?rest_route=\/wp\/v2\/types\/post"}],"author":[{"embeddable":true,"href":"https:\/\/elluchador.info\/index.php?rest_route=\/wp\/v2\/users\/19"}],"replies":[{"embeddable":true,"href":"https:\/\/elluchador.info\/index.php?rest_route=%2Fwp%2Fv2%2Fcomments&post=234610"}],"version-history":[{"count":1,"href":"https:\/\/elluchador.info\/index.php?rest_route=\/wp\/v2\/posts\/234610\/revisions"}],"predecessor-version":[{"id":234612,"href":"https:\/\/elluchador.info\/index.php?rest_route=\/wp\/v2\/posts\/234610\/revisions\/234612"}],"wp:featuredmedia":[{"embeddable":true,"href":"https:\/\/elluchador.info\/index.php?rest_route=\/wp\/v2\/media\/234611"}],"wp:attachment":[{"href":"https:\/\/elluchador.info\/index.php?rest_route=%2Fwp%2Fv2%2Fmedia&parent=234610"}],"wp:term":[{"taxonomy":"category","embeddable":true,"href":"https:\/\/elluchador.info\/index.php?rest_route=%2Fwp%2Fv2%2Fcategories&post=234610"},{"taxonomy":"post_tag","embeddable":true,"href":"https:\/\/elluchador.info\/index.php?rest_route=%2Fwp%2Fv2%2Ftags&post=234610"}],"curies":[{"name":"wp","href":"https:\/\/api.w.org\/{rel}","templated":true}]}}