{"id":234613,"date":"2023-01-01T14:12:25","date_gmt":"2023-01-01T18:12:25","guid":{"rendered":"https:\/\/elluchador.info\/web\/?p=234613"},"modified":"2023-01-01T14:12:25","modified_gmt":"2023-01-01T18:12:25","slug":"francisco-el-primero-en-velar-a-benedicto-xvi-tras-su-muerte","status":"publish","type":"post","link":"https:\/\/elluchador.info\/?p=234613","title":{"rendered":"Francisco, el primero en velar a Benedicto XVI tras su muerte"},"content":{"rendered":"<p>La capilla ardiente abrir\u00e1 ma\u00f1ana lunes en la bas\u00edlica vaticana y los fieles podr\u00e1n despedirle hasta el jueves, cuando Francisco presidir\u00e1 su funeral en la plaza de San Pedro antes de su inhumaci\u00f3n en la cripta del templo<\/p>\n<p>El papa Francisco fue el primero en visitar el cuerpo del pont\u00edfice em\u00e9rito Benedicto XVI en el monasterio Mater Ecclesiae del Vaticano, donde resid\u00eda retirado desde su renuncia en 2013, seg\u00fan confirm\u00f3 hoy la Santa Sede.<\/p>\n<p>Tras el fallecimiento, a las 9.34 horas (8.34 GMT), el secretario personal del pont\u00edfice alem\u00e1n, monse\u00f1or Georg Ganswein, telefone\u00f3 a Francisco para confirmarle la muerte, seg\u00fan refiri\u00f3 hoy el portavoz vaticano, Matteo Bruni.<\/p>\n<p>\u00abFrancisco lleg\u00f3 unos diez minutos despu\u00e9s y permaneci\u00f3 velando el cad\u00e1ver de su antecesor Ratzinger hasta las 10.00 locales (9.00 GMT), cuando tuvo que marcharse por otros compromisos\u00bb.<\/p>\n<p>Fue el propio papa argentino quien el pasado mi\u00e9rcoles 28 de diciembre confirm\u00f3 p\u00fablicamente la gravedad de la salud de Benedicto XVI a sus 95 a\u00f1os de edad.<\/p>\n<p>Si bien no fue \u00e9l quien le imparti\u00f3 el sacramento de la extremaunci\u00f3n, sino monse\u00f1or Ganswein, su m\u00e1s cercano colaborador en las \u00faltimas d\u00e9cadas, el mismo mi\u00e9rcoles tras una misa celebrada en su habitaci\u00f3n.<\/p>\n<p>Francisco ha expresado p\u00fablicamente su \u00abgratitud\u00bb por el papa y te\u00f3logo alem\u00e1n y hoy pidi\u00f3 a los fieles su oraci\u00f3n y en estos casi diez a\u00f1os de convivencia lo visit\u00f3 en varias ocasiones y lo elogi\u00f3 calific\u00e1ndolo como \u00abun abuelo sabio\u00bb para la Iglesia.<\/p>\n<p>La capilla ardiente abrir\u00e1 ma\u00f1ana lunes en la bas\u00edlica vaticana y los fieles podr\u00e1n despedirle hasta el jueves, cuando Francisco presidir\u00e1 su funeral en la plaza de San Pedro antes de su inhumaci\u00f3n en la cripta del templo. Fuente: EFE<\/p>\n","protected":false},"excerpt":{"rendered":"<p>La capilla ardiente abrir\u00e1 ma\u00f1ana lunes en la bas\u00edlica vaticana y los fieles podr\u00e1n despedirle hasta el jueves, cuando Francisco presidir\u00e1 su funeral en la plaza de San Pedro antes de su inhumaci\u00f3n en la cripta del templo El papa Francisco fue el primero en visitar el cuerpo del pont\u00edfice em\u00e9rito Benedicto XVI en el [&hellip;]<\/p>\n","protected":false},"author":19,"featured_media":234614,"comment_status":"closed","ping_status":"closed","sticky":false,"template":"","format":"standard","meta":{"footnotes":""},"categories":[5,8],"tags":[],"class_list":{"0":"post-234613","1":"post","2":"type-post","3":"status-publish","4":"format-standard","5":"has-post-thumbnail","7":"category-destacado","8":"category-internacionales"},"_links":{"self":[{"href":"https:\/\/elluchador.info\/index.php?rest_route=\/wp\/v2\/posts\/234613","targetHints":{"allow":["GET"]}}],"collection":[{"href":"https:\/\/elluchador.info\/index.php?rest_route=\/wp\/v2\/posts"}],"about":[{"href":"https:\/\/elluchador.info\/index.php?rest_route=\/wp\/v2\/types\/post"}],"author":[{"embeddable":true,"href":"https:\/\/elluchador.info\/index.php?rest_route=\/wp\/v2\/users\/19"}],"replies":[{"embeddable":true,"href":"https:\/\/elluchador.info\/index.php?rest_route=%2Fwp%2Fv2%2Fcomments&post=234613"}],"version-history":[{"count":1,"href":"https:\/\/elluchador.info\/index.php?rest_route=\/wp\/v2\/posts\/234613\/revisions"}],"predecessor-version":[{"id":234615,"href":"https:\/\/elluchador.info\/index.php?rest_route=\/wp\/v2\/posts\/234613\/revisions\/234615"}],"wp:featuredmedia":[{"embeddable":true,"href":"https:\/\/elluchador.info\/index.php?rest_route=\/wp\/v2\/media\/234614"}],"wp:attachment":[{"href":"https:\/\/elluchador.info\/index.php?rest_route=%2Fwp%2Fv2%2Fmedia&parent=234613"}],"wp:term":[{"taxonomy":"category","embeddable":true,"href":"https:\/\/elluchador.info\/index.php?rest_route=%2Fwp%2Fv2%2Fcategories&post=234613"},{"taxonomy":"post_tag","embeddable":true,"href":"https:\/\/elluchador.info\/index.php?rest_route=%2Fwp%2Fv2%2Ftags&post=234613"}],"curies":[{"name":"wp","href":"https:\/\/api.w.org\/{rel}","templated":true}]}}