{"id":234617,"date":"2023-01-02T10:16:57","date_gmt":"2023-01-02T14:16:57","guid":{"rendered":"https:\/\/elluchador.info\/web\/?p=234617"},"modified":"2023-01-02T10:16:57","modified_gmt":"2023-01-02T14:16:57","slug":"lula-se-reunira-con-el-presidente-de-la-an-jorge-rodriguez","status":"publish","type":"post","link":"https:\/\/elluchador.info\/?p=234617","title":{"rendered":"Lula se reunir\u00e1 con el presidente de la AN Jorge Rodr\u00edguez"},"content":{"rendered":"<p>El presidente de Brasil, Luiz In\u00e1cio Lula da Silva, mantendr\u00e1 reuniones bilaterales este lunes con el rey de Espa\u00f1a, Felipe VI; seis mandatarios latinoamericanos, el vicepresidente chino, Wang Qishan, l\u00edderes africanos y tambi\u00e9n atender\u00e1 a Jorge Rodr\u00edguez como representante del gobierno de Venezuela, tras tomar posesi\u00f3n del cargo el domingo.<\/p>\n<p>El dirigente progresista, de 77 a\u00f1os, iniciar\u00e1 su agenda con Felipe VI, que encabez\u00f3 la delegaci\u00f3n espa\u00f1ola para la investidura de Lula, integrada tambi\u00e9n por la vicepresidenta Yolanda D\u00edaz y el ministro de Asuntos Exteriores, Jos\u00e9 Manuel Albares.<\/p>\n<p>Despu\u00e9s, recibir\u00e1 por separado a los presidentes Luis Arce, de Bolivia; Alberto Fern\u00e1ndez, de Argentina; Guillermo Lasso, de Ecuador; y Gabriel Boric, de Chile.<\/p>\n<p>Sobre el mediod\u00eda, hablar\u00e1 con el mandatario portugu\u00e9s, Marcelo Rebelo de Sousa, quien en la v\u00edspera adelant\u00f3 a los periodistas que discutir\u00edan sobre el \u00abnuevo papel de Brasil en el mundo\u00bb y el \u00abmultilateralismo\u00bb, incluyendo el acuerdo comercial entre la Uni\u00f3n Europea y el Mercosur, pendiente a\u00fan de ratificaci\u00f3n.<\/p>\n<p>Ya en la tarde tendr\u00e1 sendas reuniones con el gobernante colombiano, Gustavo Petro; y con la presidenta hondure\u00f1a, Xiomara Castro.<\/p>\n<p>Posteriormente, se encontrar\u00e1 con el vicepresidente chino, Wang Qishan; los presidentes Jo\u00e3o Louren\u00e7o, de Angola; y Jos\u00e9 Ramos-Horta, de la Rep\u00fablica Democr\u00e1tica de Timor Oriental; as\u00ed como con el primer ministro de Mali, Choguel Kokalla Maiga.<\/p>\n<p>Terminar\u00e1 su ronda de reuniones bilaterales con el vicepresidente de Cuba, Salvador Vald\u00e9s; el presidente del Consejo de Ministros de Per\u00fa, Luis Alberto Ot\u00e1rola; y con el presidente de la Asamblea Nacional de Venezuela, Jorge Rodr\u00edguez.<\/p>\n<p>EFE.<\/p>\n","protected":false},"excerpt":{"rendered":"<p>El presidente de Brasil, Luiz In\u00e1cio Lula da Silva, mantendr\u00e1 reuniones bilaterales este lunes con el rey de Espa\u00f1a, Felipe VI; seis mandatarios latinoamericanos, el vicepresidente chino, Wang Qishan, l\u00edderes africanos y tambi\u00e9n atender\u00e1 a Jorge Rodr\u00edguez como representante del gobierno de Venezuela, tras tomar posesi\u00f3n del cargo el domingo. El dirigente progresista, de 77 [&hellip;]<\/p>\n","protected":false},"author":19,"featured_media":234618,"comment_status":"closed","ping_status":"closed","sticky":false,"template":"","format":"standard","meta":{"footnotes":""},"categories":[8],"tags":[],"class_list":{"0":"post-234617","1":"post","2":"type-post","3":"status-publish","4":"format-standard","5":"has-post-thumbnail","7":"category-internacionales"},"_links":{"self":[{"href":"https:\/\/elluchador.info\/index.php?rest_route=\/wp\/v2\/posts\/234617","targetHints":{"allow":["GET"]}}],"collection":[{"href":"https:\/\/elluchador.info\/index.php?rest_route=\/wp\/v2\/posts"}],"about":[{"href":"https:\/\/elluchador.info\/index.php?rest_route=\/wp\/v2\/types\/post"}],"author":[{"embeddable":true,"href":"https:\/\/elluchador.info\/index.php?rest_route=\/wp\/v2\/users\/19"}],"replies":[{"embeddable":true,"href":"https:\/\/elluchador.info\/index.php?rest_route=%2Fwp%2Fv2%2Fcomments&post=234617"}],"version-history":[{"count":1,"href":"https:\/\/elluchador.info\/index.php?rest_route=\/wp\/v2\/posts\/234617\/revisions"}],"predecessor-version":[{"id":234619,"href":"https:\/\/elluchador.info\/index.php?rest_route=\/wp\/v2\/posts\/234617\/revisions\/234619"}],"wp:featuredmedia":[{"embeddable":true,"href":"https:\/\/elluchador.info\/index.php?rest_route=\/wp\/v2\/media\/234618"}],"wp:attachment":[{"href":"https:\/\/elluchador.info\/index.php?rest_route=%2Fwp%2Fv2%2Fmedia&parent=234617"}],"wp:term":[{"taxonomy":"category","embeddable":true,"href":"https:\/\/elluchador.info\/index.php?rest_route=%2Fwp%2Fv2%2Fcategories&post=234617"},{"taxonomy":"post_tag","embeddable":true,"href":"https:\/\/elluchador.info\/index.php?rest_route=%2Fwp%2Fv2%2Ftags&post=234617"}],"curies":[{"name":"wp","href":"https:\/\/api.w.org\/{rel}","templated":true}]}}