{"id":234661,"date":"2023-01-02T12:49:25","date_gmt":"2023-01-02T16:49:25","guid":{"rendered":"https:\/\/elluchador.info\/web\/?p=234661"},"modified":"2023-01-02T12:57:27","modified_gmt":"2023-01-02T16:57:27","slug":"el-coche-funebre-con-el-cuerpo-de-pele-llega-al-estadio-del-santos","status":"publish","type":"post","link":"https:\/\/elluchador.info\/?p=234661","title":{"rendered":"El coche f\u00fanebre con el cuerpo de Pel\u00e9 llega al estadio del Santos"},"content":{"rendered":"<p>El coche f\u00fanebre con el cuerpo de Pel\u00e9 lleg\u00f3 ya al estadio de f\u00fatbol del Santos para que los aficionados se despidan por \u00faltima vez antes del funeral de la leyenda brasile\u00f1a. Pel\u00e9, tres veces ganador de la Copa del Mundo, muri\u00f3 el jueves a los 82 a\u00f1os despu\u00e9s de una larga batalla contra el c\u00e1ncer.<\/p>\n<p>Su funeral se realizar\u00e1 en el estadio donde disput\u00f3 algunos de los mejores partidos de su carrera. La naci\u00f3n sudamericana se prepara para despedirse de &#8216;O Rei&#8217; mientras su funeral se lleva a cabo hoy y ma\u00f1ana. Su f\u00e9retro lleg\u00f3 a la cancha del Santos la madrugada de este lunes despu\u00e9s de viajar desde un hospital en Sao Paulo.<\/p>\n<p>El f\u00e9retro de Pel\u00e9 se colocar\u00e1 en el centro del campo y los aficionados podr\u00e1n presentarle sus respetos durante 24 horas antes de una procesi\u00f3n por las calles de Santos para homenajear al mito. El ata\u00fad de Pel\u00e9 ser\u00e1 luego llevado por las calles y pasar\u00e1 frente a la casa de su madre Celeste, de 100 a\u00f1os.<\/p>\n<p>Ya est\u00e1 todo preparado en el estadio del Santos para que Pel\u00e9 sea despedido por todos los aficionados. Los restos mortales del ex futbolista han llegado de madrugada al recinto deportivo en medio de una enorme expectaci\u00f3n y fuegos artificiales.<\/p>\n<p>El entierro tendr\u00e1 lugar en el Memorial Necropole Ecumenica y solo asistir\u00e1 la familia. Su lugar de descanso final ser\u00e1 en un &#8216;cementerio vertical&#8217;, un edificio de 14 pisos que incluye 14.000 b\u00f3vedas, una cascada y un museo del autom\u00f3vil.<\/p>\n<p>Breves<\/p>\n<p>El astro brasile\u00f1o muri\u00f3 a los 82 a\u00f1os luego de padecer un c\u00e1ncer de colon. El funeral de O Rei se extender\u00e1 hasta el martes por la ma\u00f1ana y luego ser\u00e1 sepultado para su descanso final.<\/p>\n<p>Se acumulan muchos fan\u00e1ticos de Pel\u00e9 en las afueras del estadio del Santos para participar del funeral. El velatorio se extender\u00e1 hasta las 10 del martes, momento en el que se realizar\u00e1 el entierro con una ceremonia \u00edntima exclusiva para sus familiares cercanos.<\/p>\n<p>Gianni Infantino particip\u00f3 del funeral de Pel\u00e9 y revel\u00f3 la propuesta de la FIFA para homenajear a la leyenda de Brasil.<\/p>\n<p>El m\u00e1ximo representante del f\u00fatbol se hizo presente en la despedida del \u00eddolo brasile\u00f1o.<\/p>\n<p>El presidente de la FIFA, Gianni Infantino, se hizo presente este lunes al velatorio de Pel\u00e9, fallecido el pasado jueves a los 82 a\u00f1os, y destac\u00f3 que el tres veces campe\u00f3n mundial fue un jugador \u201c\u00fanico\u201d.<\/p>\n<p>Alejandro Dom\u00ednguez, presidente de Conmebol, tambi\u00e9n viaj\u00f3 a Brasil para despedir a Pel\u00e9. Lo acompa\u00f1aron el titular de la Confederaci\u00f3n Brasile\u00f1a de F\u00fatbol, Ednaldo Rodrigues, junto al titular del Santos, Andr\u00e9s Rueda.<\/p>\n<p>El cuerpo de Pel\u00e9 fue embalsamado para que el funeral se desarrolle con el f\u00e9retro abierto: las razones. Al cad\u00e1ver se le realiz\u00f3 una tanatopraxia el d\u00eda previo al velorio en una sala climatizada del Hospital Albert Einstein para asegurar una mejor apariencia del mismo.<\/p>\n<p>Brasil est\u00e1 preparado para darle un \u00faltimo adi\u00f3s a Pel\u00e9. Desde las 10 de la ma\u00f1ana del lunes, los fan\u00e1ticos tendr\u00e1n 24 horas para acercarse al estadio Vila Belmiro y despedir al \u00eddolo popular. Una de las decisiones que se tom\u00f3 para la hist\u00f3rica procesi\u00f3n que recibir\u00e1 a miles de fan\u00e1ticos fue que el funeral sea a caj\u00f3n abierto para mantener esa conexi\u00f3n que O R\u00e9i mantuvo con todos los fan\u00e1ticos del f\u00fatbol a lo largo de su carrera profesional y tambi\u00e9n cuando decidi\u00f3 colgar los botines.<\/p>\n<p>Los hinchas de Brasil y seguidores de Pel\u00e9 ingresar al estadio del Santos para darle el \u00faltimo adi\u00f3s a su gran \u00eddolo.<\/p>\n<p>El ex jugador Z\u00e9 Roberto y su hijo Edinho, encabezaron el traslado del ata\u00fad de Pel\u00e9 hacia el lugar donde se realizar\u00e1 el funeral.<\/p>\n<p>El f\u00e9retro con el cuerpo de Pel\u00e9 ya ingres\u00f3 al campo de juego del estadio del Santos. En pocos minutos se pondr\u00e1 en marcha el funeral que durar\u00e1 24 horas.<\/p>\n<p>Dos banderas ocupan una de las plateas en el Vila Belmiro: \u201cViva O Rei\u201d y \u201cPel\u00e9 82 a\u00f1os\u201d. Debajo de las mismas, se ubicar\u00e1n las decenas de arreglos florales en honor a la leyenda del f\u00fatbol de Brasil.<\/p>\n<p>El emocionante homenaje a Pel\u00e9 con drones durante los festejos del a\u00f1o nuevo en una playa de Santos. El astro brasile\u00f1o falleci\u00f3 el pasado jueves 29 de diciembre por un fallo multiorg\u00e1nico causado por el c\u00e1ncer de colon que le fue diagnosticado en 2021.<\/p>\n<p>Despu\u00e9s de que se anunciara oficialmente su fallecimiento el pasado 29 de diciembre a sus 82 a\u00f1os, los homenajes a Edson Arantes do Nascimento, Pel\u00e9, no dejaron de sucederse. Todo el mundo quiso recordar a la leyenda brasile\u00f1a y todo lo que conquist\u00f3 tanto con su selecci\u00f3n como con el Santos.<\/p>\n<p>El funeral de Pel\u00e9 durar\u00e1 24 horas y, para que el p\u00fablico pueda movilizarse sin problemas por las calles cercanas al estadio Vila Belmiro, las mismas estar\u00e1n cerradas para el tr\u00e1nsito vehicular. El acceso del p\u00fablico ser\u00e1 por las Puertas 2 y 3 del recinto, mientras que la salida luego de ver el f\u00e9retro ser\u00e1n por las Puertas 7 y 8.<\/p>\n<p>A pesar de que el auto con los restos mortales de Pel\u00e9 lleg\u00f3 entrada la madrugada al estadio del Santos, sus fan\u00e1ticos se acercaron para registrar el momento.<\/p>\n<p>La decisi\u00f3n que tom\u00f3 Santos luego del pedido de la familia de Pel\u00e9 para retirar la camiseta n\u00famero 10. El presidente de la instituci\u00f3n donde jug\u00f3 gran parte de su carrera O Rei habl\u00f3 tras la solicitud de los hijos del \u00edcono mundial<\/p>\n<p>La muerte de Pel\u00e9 fue un duro golpe para todo Brasil y el mundo del f\u00fatbol. Considerado uno de los mejores futbolistas de todos los tiempos, el astro brasile\u00f1o falleci\u00f3 a los 82 a\u00f1os luego de una larga lucha contra un c\u00e1ncer de col\u00f3n. Este lunes, en el estadio del Santos, el club donde O Rei pas\u00f3 gran parte de su trayectoria, se velar\u00e1n sus restos durante 24 horas para luego descansar en paz.<\/p>\n<p>El f\u00e9retro con los restos mortales de Pel\u00e9 llegaron durante la madrugada del lunes a la cancha del Santos. Los bomberos y la polic\u00eda militar escoltaron el auto hasta el estadio del Peixe.<\/p>\n<p>La leyenda del f\u00fatbol Pel\u00e9 muri\u00f3 a los 82 a\u00f1os y este lunes, desde la 10, comenzar\u00e1 su despedida final en el estadio Vila Belmiro, del Santos.<\/p>\n<p>Con informaci\u00f3n de www.mundodeportivo.com y www.infobae.com<\/p>\n","protected":false},"excerpt":{"rendered":"<p>El coche f\u00fanebre con el cuerpo de Pel\u00e9 lleg\u00f3 ya al estadio de f\u00fatbol del Santos para que los aficionados se despidan por \u00faltima vez antes del funeral de la leyenda brasile\u00f1a. Pel\u00e9, tres veces ganador de la Copa del Mundo, muri\u00f3 el jueves a los 82 a\u00f1os despu\u00e9s de una larga batalla contra el [&hellip;]<\/p>\n","protected":false},"author":19,"featured_media":234662,"comment_status":"closed","ping_status":"closed","sticky":false,"template":"","format":"standard","meta":{"footnotes":""},"categories":[1,4],"tags":[],"class_list":{"0":"post-234661","1":"post","2":"type-post","3":"status-publish","4":"format-standard","5":"has-post-thumbnail","7":"category-deporte","8":"category-deportes"},"_links":{"self":[{"href":"https:\/\/elluchador.info\/index.php?rest_route=\/wp\/v2\/posts\/234661","targetHints":{"allow":["GET"]}}],"collection":[{"href":"https:\/\/elluchador.info\/index.php?rest_route=\/wp\/v2\/posts"}],"about":[{"href":"https:\/\/elluchador.info\/index.php?rest_route=\/wp\/v2\/types\/post"}],"author":[{"embeddable":true,"href":"https:\/\/elluchador.info\/index.php?rest_route=\/wp\/v2\/users\/19"}],"replies":[{"embeddable":true,"href":"https:\/\/elluchador.info\/index.php?rest_route=%2Fwp%2Fv2%2Fcomments&post=234661"}],"version-history":[{"count":2,"href":"https:\/\/elluchador.info\/index.php?rest_route=\/wp\/v2\/posts\/234661\/revisions"}],"predecessor-version":[{"id":234665,"href":"https:\/\/elluchador.info\/index.php?rest_route=\/wp\/v2\/posts\/234661\/revisions\/234665"}],"wp:featuredmedia":[{"embeddable":true,"href":"https:\/\/elluchador.info\/index.php?rest_route=\/wp\/v2\/media\/234662"}],"wp:attachment":[{"href":"https:\/\/elluchador.info\/index.php?rest_route=%2Fwp%2Fv2%2Fmedia&parent=234661"}],"wp:term":[{"taxonomy":"category","embeddable":true,"href":"https:\/\/elluchador.info\/index.php?rest_route=%2Fwp%2Fv2%2Fcategories&post=234661"},{"taxonomy":"post_tag","embeddable":true,"href":"https:\/\/elluchador.info\/index.php?rest_route=%2Fwp%2Fv2%2Ftags&post=234661"}],"curies":[{"name":"wp","href":"https:\/\/api.w.org\/{rel}","templated":true}]}}