{"id":234667,"date":"2023-01-02T13:24:40","date_gmt":"2023-01-02T17:24:40","guid":{"rendered":"https:\/\/elluchador.info\/web\/?p=234667"},"modified":"2023-01-02T13:24:40","modified_gmt":"2023-01-02T17:24:40","slug":"pj-caroni-devolvio-competencias-secuestradas-a-los-concejales","status":"publish","type":"post","link":"https:\/\/elluchador.info\/?p=234667","title":{"rendered":"PJ Caron\u00ed devolvi\u00f3 competencias secuestradas a los concejales"},"content":{"rendered":"<p>Presentando un balance del a\u00f1o 2022, en el cual realizaron 74 sesiones de c\u00e1mara, de las cuales 12 fueron especiales, 14 ordinaria, 22 extraordinarias y 26 comisiones de mesa, los ediles de Primero Justicia en Caron\u00ed, rindieron cuentas publica del su ejercicio como representantes del pueblo, resaltando que lograron que el consejo municipal legisle, deje de ser una efem\u00e9ride y se dedique a atender los problemas reales de la ciudad.<\/p>\n<p>As\u00ed lo inform\u00f3 Aliana Estrada, concejal del partido aurinegro quien se\u00f1al\u00f3 que la meta es llegar a cumplir con las 52 semanas del a\u00f1o con gesti\u00f3n p\u00fablica, para que el ciudadano tenga conocimiento de la acci\u00f3n pol\u00edtica hecha por los ediles de la democracia.<\/p>\n<p>Dentro de las acciones emblem\u00e1ticas se tiene que aprobaron el proyecto del presupuesto de a\u00f1o 2023, en la cual dentro de la Ordenanza del Presupuesto le devolvieron la competencia de los concejales en el Consejo municipal, para que conozcan de primera mano los traslados de partidas, el manejo p\u00fablico de la actividad presupuestaria y saber c\u00f3mo se invierte en el municipio, para que repliquen la informaci\u00f3n y hagan saber a los guayaneses cuales son los proyectos incluidos dentro de ese fondo municipal.<\/p>\n<p>\u201cLogramos adecuar y corregir 5 ordenanzas municipales lo que permitir\u00e1n normar las actividades de los servicios p\u00fablicos y la posibilidad de poder lograr que la ciudadan\u00eda tengan m\u00e1s y mejores leyes que regulen la actividad p\u00fablica en la ciudad\u201d expres\u00f3 la edil.<\/p>\n<p>A la espera de respuestas oficiales<\/p>\n<p>Debido a que este a\u00f1o han generado un gran n\u00famero de correspondencias que no han sido respondidas por el ente municipal, proponen que se dise\u00f1e una Ordenanza municipal de Transparencia de la gesti\u00f3n p\u00fablica de cada uno de los entes dentro del municipio.<\/p>\n<p>Record\u00f3 que el ciudadano tiene la potestad seg\u00fan el art\u00edculo 51 de la Carta Magna de hacer las peticiones correspondientes al cargo y si este funcionario no hiciere lo que corresponde; pudiera ser destituido del cargo, porque el ciudadano tiene derecho de hacer peticiones a cualquier funcionario p\u00fablico, electo de manera popular y \u00e9ste tiene la obligaci\u00f3n de responder.<\/p>\n<p>Presupuesto 2023\u2026 deficiente<\/p>\n<p>Denunci\u00f3 que el presupuesto del a\u00f1o 2023, tiene 100 millones de bol\u00edvares menos en relaci\u00f3n al de este a\u00f1o en cierre. \u201cSabemos que habr\u00e1 un d\u00e9ficit importante en servicios p\u00fablicos, en detrimento de la ciudad\u201d.<\/p>\n<p>Explic\u00f3 que es una actividad in\u00e9dita errada del alcalde Tito Oviedo, porque una ciudad de un mill\u00f3n de habitantes necesita saber porque hubo una reducci\u00f3n del presupuesto con respecto al a\u00f1o pasado.<\/p>\n<p>\u201cSi lo vemos en d\u00f3lares, estamos hablando de $93 mil para el a\u00f1o pasado y este a\u00f1o hablados de $26 mil; esto nos obliga a que se activen cr\u00e9ditos adicionales que vayan en beneficio de la gente y ser\u00e1n evaluados por nosotros para el beneficio de la ciudad\u201d.<\/p>\n<p>Record\u00f3 que anteriormente era el alcalde quien decid\u00eda y aprobaba los cr\u00e9ditos adicionales y ahora han logrado erradicar esta medida arbitraria, coloc\u00e1ndole una coletilla importante y es que exhortan al alcalde Oviedo para que convoque al Consejo Local de Planificaci\u00f3n P\u00fablica y que renueve sus autoridades con el per\u00edodo vencido.<\/p>\n<p>Con informaci\u00f3n de PJ Bol\u00edvar.<\/p>\n","protected":false},"excerpt":{"rendered":"<p>Presentando un balance del a\u00f1o 2022, en el cual realizaron 74 sesiones de c\u00e1mara, de las cuales 12 fueron especiales, 14 ordinaria, 22 extraordinarias y 26 comisiones de mesa, los ediles de Primero Justicia en Caron\u00ed, rindieron cuentas publica del su ejercicio como representantes del pueblo, resaltando que lograron que el consejo municipal legisle, deje [&hellip;]<\/p>\n","protected":false},"author":19,"featured_media":234668,"comment_status":"closed","ping_status":"closed","sticky":false,"template":"","format":"standard","meta":{"footnotes":""},"categories":[12],"tags":[],"class_list":{"0":"post-234667","1":"post","2":"type-post","3":"status-publish","4":"format-standard","5":"has-post-thumbnail","7":"category-regionales"},"_links":{"self":[{"href":"https:\/\/elluchador.info\/index.php?rest_route=\/wp\/v2\/posts\/234667","targetHints":{"allow":["GET"]}}],"collection":[{"href":"https:\/\/elluchador.info\/index.php?rest_route=\/wp\/v2\/posts"}],"about":[{"href":"https:\/\/elluchador.info\/index.php?rest_route=\/wp\/v2\/types\/post"}],"author":[{"embeddable":true,"href":"https:\/\/elluchador.info\/index.php?rest_route=\/wp\/v2\/users\/19"}],"replies":[{"embeddable":true,"href":"https:\/\/elluchador.info\/index.php?rest_route=%2Fwp%2Fv2%2Fcomments&post=234667"}],"version-history":[{"count":1,"href":"https:\/\/elluchador.info\/index.php?rest_route=\/wp\/v2\/posts\/234667\/revisions"}],"predecessor-version":[{"id":234669,"href":"https:\/\/elluchador.info\/index.php?rest_route=\/wp\/v2\/posts\/234667\/revisions\/234669"}],"wp:featuredmedia":[{"embeddable":true,"href":"https:\/\/elluchador.info\/index.php?rest_route=\/wp\/v2\/media\/234668"}],"wp:attachment":[{"href":"https:\/\/elluchador.info\/index.php?rest_route=%2Fwp%2Fv2%2Fmedia&parent=234667"}],"wp:term":[{"taxonomy":"category","embeddable":true,"href":"https:\/\/elluchador.info\/index.php?rest_route=%2Fwp%2Fv2%2Fcategories&post=234667"},{"taxonomy":"post_tag","embeddable":true,"href":"https:\/\/elluchador.info\/index.php?rest_route=%2Fwp%2Fv2%2Ftags&post=234667"}],"curies":[{"name":"wp","href":"https:\/\/api.w.org\/{rel}","templated":true}]}}