{"id":234692,"date":"2023-01-02T14:30:16","date_gmt":"2023-01-02T18:30:16","guid":{"rendered":"https:\/\/elluchador.info\/web\/?p=234692"},"modified":"2023-01-02T14:30:16","modified_gmt":"2023-01-02T18:30:16","slug":"jorge-rodriguez-se-reunio-con-el-presidente-de-colombia","status":"publish","type":"post","link":"https:\/\/elluchador.info\/?p=234692","title":{"rendered":"Jorge Rodr\u00edguez se reuni\u00f3 con el presidente de Colombia"},"content":{"rendered":"<p>El presidente de la Asamblea Nacional, Jorge Rodr\u00edguez, sostuvo un encuentro con el mandatario colombiano, Gustavo Petro, en el que ratific\u00f3 el prop\u00f3sito de Venezuela de avanzar en la agenda de cooperaci\u00f3n con Colombia.<\/p>\n<p>As\u00ed lo inform\u00f3 el parlamentario a trav\u00e9s de su cuenta Twitter en la que public\u00f3 \u00abGrato encuentro con el Presidente de la Rep\u00fablica de Colombia, Gustavo Petro. Extendimos el saludo de nuestro Presidente Nicol\u00e1s Maduro para avanzar en la agenda de cooperaci\u00f3n con la naci\u00f3n neogranadina\u00bb.<\/p>\n<p>El encuentro tuvo lugar el domingo en el marco de la asunci\u00f3n del presidente brasile\u00f1o Luiz In\u00e1cio Lula da Silva, en el Palacio de Planalto, Brasilia.<\/p>\n<p>As\u00ed lo confirma un tuit de Prensa Presidencial que se\u00f1ala que \u00abel fortalecimiento de las relaciones Venezuela-Colombia se ven reflejadas en el encuentro que sostuvieron el presidente de la Asamblea Nacional @jorgerpsuv y el presidente de la naci\u00f3n neogranadina, Gustavo Petro, en la toma de posesi\u00f3n del mandatario Lula da Silva\u00bb.<\/p>\n<p>En el video inserto en ambos tuits se puede apreciar al presidente de la Asamblea Nacional conversando con el mandatario colombiano y saludando al canciller \u00c1lvaro Leyva.<\/p>\n<p>Luego de la llegada al poder de Petro en Colombia el 7 de agosto de 2022, los gobiernos de ambos pa\u00edses han trabajo en el restablecimiento de las relaciones.<\/p>\n<p>Representantes del sector econ\u00f3mico, parlamento y gobierno de ambos pa\u00edses se han reunido desde entonces para acordar c\u00f3mo avanzar hacia la normalizaci\u00f3n de las relaciones.<\/p>\n<p>En este sentido, el domingo 1 de enero se dio inicio a una nueva etapa entre Venezuela y Colombia con la reapertura del Puente Binacional Atanasio Girardot, tambi\u00e9n conocido como Tienditas, en la zona fronteriza del estado T\u00e1chira.<\/p>\n<p>Con informaci\u00f3n de ultimasnoticias.com.ve<\/p>\n","protected":false},"excerpt":{"rendered":"<p>El presidente de la Asamblea Nacional, Jorge Rodr\u00edguez, sostuvo un encuentro con el mandatario colombiano, Gustavo Petro, en el que ratific\u00f3 el prop\u00f3sito de Venezuela de avanzar en la agenda de cooperaci\u00f3n con Colombia. As\u00ed lo inform\u00f3 el parlamentario a trav\u00e9s de su cuenta Twitter en la que public\u00f3 \u00abGrato encuentro con el Presidente de [&hellip;]<\/p>\n","protected":false},"author":19,"featured_media":234693,"comment_status":"closed","ping_status":"closed","sticky":false,"template":"","format":"standard","meta":{"footnotes":""},"categories":[9],"tags":[],"class_list":{"0":"post-234692","1":"post","2":"type-post","3":"status-publish","4":"format-standard","5":"has-post-thumbnail","7":"category-nacionales"},"_links":{"self":[{"href":"https:\/\/elluchador.info\/index.php?rest_route=\/wp\/v2\/posts\/234692","targetHints":{"allow":["GET"]}}],"collection":[{"href":"https:\/\/elluchador.info\/index.php?rest_route=\/wp\/v2\/posts"}],"about":[{"href":"https:\/\/elluchador.info\/index.php?rest_route=\/wp\/v2\/types\/post"}],"author":[{"embeddable":true,"href":"https:\/\/elluchador.info\/index.php?rest_route=\/wp\/v2\/users\/19"}],"replies":[{"embeddable":true,"href":"https:\/\/elluchador.info\/index.php?rest_route=%2Fwp%2Fv2%2Fcomments&post=234692"}],"version-history":[{"count":1,"href":"https:\/\/elluchador.info\/index.php?rest_route=\/wp\/v2\/posts\/234692\/revisions"}],"predecessor-version":[{"id":234694,"href":"https:\/\/elluchador.info\/index.php?rest_route=\/wp\/v2\/posts\/234692\/revisions\/234694"}],"wp:featuredmedia":[{"embeddable":true,"href":"https:\/\/elluchador.info\/index.php?rest_route=\/wp\/v2\/media\/234693"}],"wp:attachment":[{"href":"https:\/\/elluchador.info\/index.php?rest_route=%2Fwp%2Fv2%2Fmedia&parent=234692"}],"wp:term":[{"taxonomy":"category","embeddable":true,"href":"https:\/\/elluchador.info\/index.php?rest_route=%2Fwp%2Fv2%2Fcategories&post=234692"},{"taxonomy":"post_tag","embeddable":true,"href":"https:\/\/elluchador.info\/index.php?rest_route=%2Fwp%2Fv2%2Ftags&post=234692"}],"curies":[{"name":"wp","href":"https:\/\/api.w.org\/{rel}","templated":true}]}}