{"id":234699,"date":"2023-01-02T15:09:02","date_gmt":"2023-01-02T19:09:02","guid":{"rendered":"https:\/\/elluchador.info\/web\/?p=234699"},"modified":"2023-01-02T15:09:02","modified_gmt":"2023-01-02T19:09:02","slug":"miles-de-fieles-desfilan-para-despedir-a-benedicto-xvi-en-la-basilica-de-san-pedro","status":"publish","type":"post","link":"https:\/\/elluchador.info\/?p=234699","title":{"rendered":"Miles de fieles desfilan para despedir a Benedicto XVI en la bas\u00edlica de San Pedro"},"content":{"rendered":"<p>Miles de fieles madrugaron este lunes para desfilar ante el cuerpo de Benedicto XVI, en la capilla ardiente instalada en la bas\u00edlica de San Pedro, en El Vaticano, para despedir al pont\u00edfice em\u00e9rito, fallecido el s\u00e1bado a los 95 a\u00f1os.<\/p>\n<p>La larga fila llegaba hasta la inmensa Plaza de San Pedro y rodeaba las c\u00e9lebres columnas de la explanada, vigiladas por un importante dispositivo de seguridad y tambi\u00e9n por cientos de periodistas de todo el mundo llegados para cubrir el entierro del papa.<\/p>\n<p>\u00abFue un gran papa, profundo y \u00fanico\u00bb, asegur\u00f3 la italiana Francesca Gabrielli, quien viaj\u00f3 desde Toscana, para despedir al pont\u00edfice em\u00e9rito.<\/p>\n<p>El cuerpo de Joseph Ratzinger yace en un catafalco cubierto por una tela dorada, rodeado por dos guardias suizos vestidos de gala, frente al altar mayor de la bas\u00edlica dominado por el baldaquino de bronce negro con imponentes columnas retorcidas dise\u00f1ado por el maestro del barroco Gian Lorenzo Bernini.<\/p>\n<p>Varios cardenales y miembros de la Curia romana velan al muerto, mientras el secretario privado por a\u00f1os del papa em\u00e9rito, el obispo Georg G\u00e4nswein, recibe el p\u00e9same de las autoridades.<\/p>\n<p>\u00abSe\u00f1or, te amo\u00bb, fueron las \u00faltimas palabras pronunciadas en italiano por Benedicto XVI poco antes de fallecer el s\u00e1bado en presencia de una enfermera, seg\u00fan inform\u00f3 el obispo G\u00e4nswein.<\/p>\n<p>Los fieles entran en silencio por el pasillo central del templo cat\u00f3lico m\u00e1s grande del mundo, la mayor\u00eda fotografiando con sus m\u00f3viles el cuerpo del ex papa, quien fue vestido de blanco con una casulla roja, el color del luto papal, con una mitra blanca adornada con un borde dorado y un rosario entrelazado en sus manos. Su rostro resulta casi irreconocible.<\/p>\n<p>Algunos rezan o se hacen la se\u00f1al de la cruz al pasar ante sus restos. Un cirio alto adem\u00e1s de muchas velas iluminan parte del recinto, mientras el olor de incienso perfuma el ambiente.<\/p>\n<p>Entre los primeros que llegaron para dar el \u00faltimo adi\u00f3s a Benedicto XVI fueron la primera ministra italiana Giorgia Meloni y el presidente de la Rep\u00fablica, Sergio Mattarella.<\/p>\n<p>La gendarmer\u00eda del Vaticano calcula que cerca 40.000 personas han desfilado este lunes ante los despojos del expapa.<\/p>\n<p>Los restos del primer pont\u00edfice alem\u00e1n de la era moderna fueron trasladados en la madrugada de la peque\u00f1a capilla privada del Monasterio Mater Ecclesiae, donde residi\u00f3 desde su renuncia en 2013, en los jardines del Vaticano, a la bas\u00edlica en el curso de una ceremonia privada.<\/p>\n<p>Las puertas de la inmensa bas\u00edlica permanecer\u00e1n abiertas hasta las 07:00 de la noche de este lunes (hora local).<\/p>\n<p>El martes y el mi\u00e9rcoles se podr\u00e1 acceder desde las 06:00 de la ma\u00f1ana (hora local) hasta las 06:00 de la tarde (hora local) de manera que los fieles puedan velar a Joseph Ratzinger, el brillante te\u00f3logo y ferviente guardi\u00e1n del dogma, conocido por sus posiciones conservadores, quien renunci\u00f3 a su cargo en 2013 tras ocho a\u00f1os de pontificado, aduciendo el declive de sus fuerzas.<\/p>\n<p>El papa Francisco le rindi\u00f3 varios homenajes p\u00fablicos al \u00abamado\u00bb Benedicto XVI, \u00abfiel servidor del Evangelio y de la Iglesia\u00bb, recordando su \u00abbondad\u00bb, \u00absu nobleza\u00bb, \u00absu testimonio de fe y de oraci\u00f3n, especialmente en estos \u00faltimos a\u00f1os de vida retirada\u00bb.<\/p>\n<p>El funeral de un papa sin funciones<\/p>\n<p>El pr\u00f3ximo jueves, Francisco presidir\u00e1 las exequias solemnes del papa em\u00e9rito en la inmensa plaza de San Pedro.<\/p>\n<p>El funeral de un papa em\u00e9rito, es decir sin funciones, no cuenta con un protocolo espec\u00edfico, por lo que se seguir\u00edan algunos de los pasos para un pont\u00edfice en ejercicio.<\/p>\n<p>Se trata de la primera vez en la historia que un papa preside el funeral de su predecesor.<\/p>\n<p>La ceremonia comenzar\u00e1 a las 08:30 de la ma\u00f1ana (hora local), ser\u00e1 in\u00e9dita adem\u00e1s de sobria, tal como anunciado por El Vaticano.<\/p>\n<p>Con ese acto se concluye la saga de los \u00abdos papas\u00bb, los dos vestidos de blanco, que han convivido durante casi una d\u00e9cada en el Estado m\u00e1s peque\u00f1o del mundo.<\/p>\n<p>Al t\u00e9rmino del funeral el f\u00e9retro del pont\u00edfice em\u00e9rito ser\u00e1 enterrado en las grutas vaticanas, bajo San Pedro, en la misma cripta en la que estuvo Juan Pablo II hasta 2011, precis\u00f3 este lunes el portavoz del Vaticano, Matteo Bruni.<\/p>\n<p>Despu\u00e9s de ocho a\u00f1os de pontificado marcado por m\u00faltiples crisis y de haber pasado los \u00faltimos 10 a\u00f1os de su vida rezando y estudiando, Benedicto XVI fue acusado a principios del 2022 de haber encubierto a cuatro curas ped\u00f3filos cuando era arzobispo en Alemania, una mancha que empa\u00f1a su papado y un caso que neg\u00f3 hasta el final de su vida.<\/p>\n<p>\u00abSab\u00eda muchas cosas. L\u00e1stima que no ayud\u00f3 a destapar esos esc\u00e1ndalos\u00bb, lament\u00f3 la alemana Valeria Michalak, tras haberle rendido homenaje en la bas\u00edlica.<\/p>\n<p>Con informaci\u00f3n de www.globovision.com<\/p>\n","protected":false},"excerpt":{"rendered":"<p>Miles de fieles madrugaron este lunes para desfilar ante el cuerpo de Benedicto XVI, en la capilla ardiente instalada en la bas\u00edlica de San Pedro, en El Vaticano, para despedir al pont\u00edfice em\u00e9rito, fallecido el s\u00e1bado a los 95 a\u00f1os. La larga fila llegaba hasta la inmensa Plaza de San Pedro y rodeaba las c\u00e9lebres [&hellip;]<\/p>\n","protected":false},"author":19,"featured_media":234700,"comment_status":"closed","ping_status":"closed","sticky":false,"template":"","format":"standard","meta":{"footnotes":""},"categories":[8],"tags":[],"class_list":{"0":"post-234699","1":"post","2":"type-post","3":"status-publish","4":"format-standard","5":"has-post-thumbnail","7":"category-internacionales"},"_links":{"self":[{"href":"https:\/\/elluchador.info\/index.php?rest_route=\/wp\/v2\/posts\/234699","targetHints":{"allow":["GET"]}}],"collection":[{"href":"https:\/\/elluchador.info\/index.php?rest_route=\/wp\/v2\/posts"}],"about":[{"href":"https:\/\/elluchador.info\/index.php?rest_route=\/wp\/v2\/types\/post"}],"author":[{"embeddable":true,"href":"https:\/\/elluchador.info\/index.php?rest_route=\/wp\/v2\/users\/19"}],"replies":[{"embeddable":true,"href":"https:\/\/elluchador.info\/index.php?rest_route=%2Fwp%2Fv2%2Fcomments&post=234699"}],"version-history":[{"count":1,"href":"https:\/\/elluchador.info\/index.php?rest_route=\/wp\/v2\/posts\/234699\/revisions"}],"predecessor-version":[{"id":234701,"href":"https:\/\/elluchador.info\/index.php?rest_route=\/wp\/v2\/posts\/234699\/revisions\/234701"}],"wp:featuredmedia":[{"embeddable":true,"href":"https:\/\/elluchador.info\/index.php?rest_route=\/wp\/v2\/media\/234700"}],"wp:attachment":[{"href":"https:\/\/elluchador.info\/index.php?rest_route=%2Fwp%2Fv2%2Fmedia&parent=234699"}],"wp:term":[{"taxonomy":"category","embeddable":true,"href":"https:\/\/elluchador.info\/index.php?rest_route=%2Fwp%2Fv2%2Fcategories&post=234699"},{"taxonomy":"post_tag","embeddable":true,"href":"https:\/\/elluchador.info\/index.php?rest_route=%2Fwp%2Fv2%2Ftags&post=234699"}],"curies":[{"name":"wp","href":"https:\/\/api.w.org\/{rel}","templated":true}]}}